{"id":89345,"date":"2023-09-20T21:13:49","date_gmt":"2023-09-21T00:13:49","guid":{"rendered":"https:\/\/corrientesdetarde.com\/?p=89345"},"modified":"2023-09-20T21:14:01","modified_gmt":"2023-09-21T00:14:01","slug":"armenios-en-karabaj-acordaron-un-alto-el-fuego-tras-la-operacion-militar-de-azerbaiyan","status":"publish","type":"post","link":"https:\/\/corrientesdetarde.com\/index.php\/internacionales\/armenios-en-karabaj-acordaron-un-alto-el-fuego-tras-la-operacion-militar-de-azerbaiyan\/","title":{"rendered":"Armenios en Karabaj acordaron un alto el fuego tras la operaci\u00f3n militar de Azerbaiy\u00e1n"},"content":{"rendered":"\n<p>Un contingente ruso de mantenimiento de la paz acerc\u00f3 la propuesta y logr\u00f3 que fuera aceptada por ambas partes.<\/p>\n\n\n\n<p>Los&nbsp;<strong>armenios de la regi\u00f3n separatista azerbaiyana de Nagorno Karabaj aceptaron una propuesta rusa de alto el fuego<\/strong>, 24 horas despu\u00e9s de que Azerbaiy\u00e1n iniciara una ofensiva para hacerse con el control del enclave que caus\u00f3 decenas de muertos y centenares de heridos.<\/p>\n\n\n\n<p>Las fuerzas armenias separatistas de Karabaj&nbsp;<strong>afirmaron que Azerbaiy\u00e1n hab\u00eda roto sus l\u00edneas y se hab\u00eda apoderado de varias alturas y nudos de carreteras estrat\u00e9gicos mientras el mundo se hab\u00eda quedado de brazos cruzados<\/strong>.<\/p>\n\n\n\n<p>La autodenominada &#8220;Rep\u00fablica de Artsaj&#8221; declar\u00f3 que, en tales circunstancias,&nbsp;<strong>no ten\u00eda otra opci\u00f3n que cesar las hostilidades<\/strong>&nbsp;a partir de las 13:00 hora local del mi\u00e9rcoles (0900 GMT).<\/p>\n\n\n\n<p><strong>&#8220;Las autoridades de la Rep\u00fablica de Artsaj aceptan la propuesta del comando del contingente ruso de mantenimiento de la paz de cesar el fuego&#8221;<\/strong>, declar\u00f3.<\/p>\n\n\n\n<p>Y agreg\u00f3:<strong>&nbsp;&#8220;Con la mediaci\u00f3n del mando del contingente ruso de mantenimiento de la paz estacionado en Nagorno Karabaj, se alcanz\u00f3 un acuerdo sobre el cese total de las hostilidades a partir de las 13:00 horas del 20 de septiembre de 2023&#8221;<\/strong>.<\/p>\n\n\n\n<p>Azerbaiy\u00e1n confirm\u00f3 que se hab\u00eda alcanzado un acuerdo de alto el fuego. Dijo que las&nbsp;<strong>fuerzas de paz rusas transmitieron a Azerbaiy\u00e1n el llamamiento armenio de Karabaj para un alto el fuego<\/strong>. No precis\u00f3 inmediatamente las condiciones.<\/p>\n\n\n\n<p><strong>Azerbaiy\u00e1n comenz\u00f3 su operaci\u00f3n contra Nagorno Karabaj el martes, despu\u00e9s de que algunas de sus tropas murieran<\/strong>&nbsp;en lo que Bak\u00fa dijo que eran ataques desde la regi\u00f3n monta\u00f1osa, que Azerbaiy\u00e1n hab\u00eda bloqueado durante nueve meses.<\/p>\n\n\n\n<p>Bak\u00fa hab\u00eda&nbsp;<strong>exigido que las autoridades pol\u00edticas separatistas de Karabaj, reconocido internacionalmente como parte de Azerbaiy\u00e1n, tambi\u00e9n se disolvieran antes de que se celebraran conversaciones sobre el futuro de la regi\u00f3n<\/strong>, que Azerbaiy\u00e1n quiere integrar plenamente.<\/p>\n\n\n\n<p>Nagorno Karabaj est\u00e1 reconocido internacionalmente como parte de Azerbaiy\u00e1n.<\/p>\n","protected":false},"excerpt":{"rendered":"<p>Un contingente ruso de mantenimiento de la paz acerc\u00f3 la propuesta y logr\u00f3 que fuera aceptada por ambas partes. Los&nbsp;armenios de la regi\u00f3n separatista azerbaiyana de Nagorno Karabaj aceptaron una&hellip; <\/p>\n","protected":false},"author":4,"featured_media":89373,"comment_status":"closed","ping_status":"open","sticky":false,"template":"","format":"standard","meta":{"footnotes":""},"categories":[11],"tags":[],"class_list":["post-89345","post","type-post","status-publish","format-standard","has-post-thumbnail","hentry","category-internacionales"],"_links":{"self":[{"href":"https:\/\/corrientesdetarde.com\/index.php\/wp-json\/wp\/v2\/posts\/89345","targetHints":{"allow":["GET"]}}],"collection":[{"href":"https:\/\/corrientesdetarde.com\/index.php\/wp-json\/wp\/v2\/posts"}],"about":[{"href":"https:\/\/corrientesdetarde.com\/index.php\/wp-json\/wp\/v2\/types\/post"}],"author":[{"embeddable":true,"href":"https:\/\/corrientesdetarde.com\/index.php\/wp-json\/wp\/v2\/users\/4"}],"replies":[{"embeddable":true,"href":"https:\/\/corrientesdetarde.com\/index.php\/wp-json\/wp\/v2\/comments?post=89345"}],"version-history":[{"count":1,"href":"https:\/\/corrientesdetarde.com\/index.php\/wp-json\/wp\/v2\/posts\/89345\/revisions"}],"predecessor-version":[{"id":89374,"href":"https:\/\/corrientesdetarde.com\/index.php\/wp-json\/wp\/v2\/posts\/89345\/revisions\/89374"}],"wp:featuredmedia":[{"embeddable":true,"href":"https:\/\/corrientesdetarde.com\/index.php\/wp-json\/wp\/v2\/media\/89373"}],"wp:attachment":[{"href":"https:\/\/corrientesdetarde.com\/index.php\/wp-json\/wp\/v2\/media?parent=89345"}],"wp:term":[{"taxonomy":"category","embeddable":true,"href":"https:\/\/corrientesdetarde.com\/index.php\/wp-json\/wp\/v2\/categories?post=89345"},{"taxonomy":"post_tag","embeddable":true,"href":"https:\/\/corrientesdetarde.com\/index.php\/wp-json\/wp\/v2\/tags?post=89345"}],"curies":[{"name":"wp","href":"https:\/\/api.w.org\/{rel}","templated":true}]}}