{"id":89347,"date":"2023-09-20T20:27:01","date_gmt":"2023-09-20T23:27:01","guid":{"rendered":"https:\/\/corrientesdetarde.com\/?p=89347"},"modified":"2023-09-21T00:12:33","modified_gmt":"2023-09-21T03:12:33","slug":"valdes-inaugura-obras-publicas-y-el-centro-de-convenciones-corrientes","status":"publish","type":"post","link":"https:\/\/corrientesdetarde.com\/index.php\/informacion-general\/valdes-inaugura-obras-publicas-y-el-centro-de-convenciones-corrientes\/","title":{"rendered":"Vald\u00e9s inaugura obras p\u00fablicas y el Centro de Convenciones Corrientes"},"content":{"rendered":"\n<p>Ma\u00f1ana jueves, a partir de las 10:30 el gobernador Gustavo Vald\u00e9s dejar\u00e1 inaugurados 400 metros de pavimentaci\u00f3n, iluminaci\u00f3n y desag\u00fces pluviales de la Avenida Rizzuto (entre Gregorio Pomar y F\u00e9lix de Azara).<\/p>\n\n\n\n<p>Asimismo, a &nbsp;las 11 el mandatario provincial acompa\u00f1ado de autoridades provinciales proceder\u00e1 a la inauguraci\u00f3n del Centro de Convenciones Corrientes ubicado en Avenida Gregorio Pomar 802.<\/p>\n","protected":false},"excerpt":{"rendered":"<p>Ma\u00f1ana jueves, a partir de las 10:30 el gobernador Gustavo Vald\u00e9s dejar\u00e1 inaugurados 400 metros de pavimentaci\u00f3n, iluminaci\u00f3n y desag\u00fces pluviales de la Avenida Rizzuto (entre Gregorio Pomar y F\u00e9lix&hellip; <\/p>\n","protected":false},"author":4,"featured_media":89355,"comment_status":"closed","ping_status":"open","sticky":false,"template":"","format":"standard","meta":{"footnotes":""},"categories":[1],"tags":[],"class_list":["post-89347","post","type-post","status-publish","format-standard","has-post-thumbnail","hentry","category-informacion-general"],"_links":{"self":[{"href":"https:\/\/corrientesdetarde.com\/index.php\/wp-json\/wp\/v2\/posts\/89347","targetHints":{"allow":["GET"]}}],"collection":[{"href":"https:\/\/corrientesdetarde.com\/index.php\/wp-json\/wp\/v2\/posts"}],"about":[{"href":"https:\/\/corrientesdetarde.com\/index.php\/wp-json\/wp\/v2\/types\/post"}],"author":[{"embeddable":true,"href":"https:\/\/corrientesdetarde.com\/index.php\/wp-json\/wp\/v2\/users\/4"}],"replies":[{"embeddable":true,"href":"https:\/\/corrientesdetarde.com\/index.php\/wp-json\/wp\/v2\/comments?post=89347"}],"version-history":[{"count":2,"href":"https:\/\/corrientesdetarde.com\/index.php\/wp-json\/wp\/v2\/posts\/89347\/revisions"}],"predecessor-version":[{"id":89397,"href":"https:\/\/corrientesdetarde.com\/index.php\/wp-json\/wp\/v2\/posts\/89347\/revisions\/89397"}],"wp:featuredmedia":[{"embeddable":true,"href":"https:\/\/corrientesdetarde.com\/index.php\/wp-json\/wp\/v2\/media\/89355"}],"wp:attachment":[{"href":"https:\/\/corrientesdetarde.com\/index.php\/wp-json\/wp\/v2\/media?parent=89347"}],"wp:term":[{"taxonomy":"category","embeddable":true,"href":"https:\/\/corrientesdetarde.com\/index.php\/wp-json\/wp\/v2\/categories?post=89347"},{"taxonomy":"post_tag","embeddable":true,"href":"https:\/\/corrientesdetarde.com\/index.php\/wp-json\/wp\/v2\/tags?post=89347"}],"curies":[{"name":"wp","href":"https:\/\/api.w.org\/{rel}","templated":true}]}}