{"id":89360,"date":"2023-09-20T20:35:52","date_gmt":"2023-09-20T23:35:52","guid":{"rendered":"https:\/\/corrientesdetarde.com\/?p=89360"},"modified":"2023-09-20T20:36:04","modified_gmt":"2023-09-20T23:36:04","slug":"italia-abrira-nuevos-centros-para-recepcionar-migrantes-ilegales","status":"publish","type":"post","link":"https:\/\/corrientesdetarde.com\/index.php\/internacionales\/italia-abrira-nuevos-centros-para-recepcionar-migrantes-ilegales\/","title":{"rendered":"Italia abrir\u00e1 nuevos centros para recepcionar migrantes ilegales"},"content":{"rendered":"\n<p>All\u00ed quedar\u00e1n retenidos hasta 18 meses y luego ser\u00e1 enviados a sus pa\u00edses de origen.<\/p>\n\n\n\n<p>El gobierno italiano, a\u00a0cargo de<strong>\u00a0Giorgia Meloni,<\/strong>\u00a0aprob\u00f3 la apertura de nuevos centros para\u00a0recepcionar\u00a0<strong>migrantes sin papeles,<\/strong>\u00a0quienes podr\u00e1n permanecer all\u00ed\u00a018 meses antes de ser enviados de regreso a sus pa\u00edses de origen.<\/p>\n\n\n\n<p><strong>Las autoridades italianas dieron su consentimiento en medio de&nbsp;la crisis originada por los miles de extranjeros que en los&nbsp;\u00faltimos meses alcanzaron las costas de la isla de Lampedusa,&nbsp;ubicada en el mar Mediterr\u00e1neo, a mitad de camino entre Africa y&nbsp;Sicilia,&nbsp;<\/strong>en el sur del pa\u00eds.<\/p>\n\n\n\n<p>Por lo tanto, el ministerio de Defensa se har\u00e1 cargo de la&nbsp;construcci\u00f3n de esas sedes, denominadas&nbsp;<strong>Centros Permanentes para&nbsp;la Repatriaci\u00f3n (CPR),<\/strong>&nbsp;que tendr\u00e1n un&nbsp;<strong>funcionamiento similar al de&nbsp;una prisi\u00f3n.<\/strong><\/p>\n\n\n\n<p>Al respecto, Meloni dijo en declaraciones a la prensa:<strong>&nbsp;&#8220;Quiero&nbsp;enviar un mensaje muy claro al conjunto de \u00c1frica, si alguien&nbsp;conf\u00eda en los traficantes para vulnerar las leyes italianas, tiene&nbsp;que saber que cuando llegue (a Italia) ser\u00e1 detenido y&nbsp;repatriado&#8221;.<\/strong><\/p>\n\n\n\n<p><strong>Asimismo, la primera ministra asever\u00f3 que planea abrir esos&nbsp;centros en cada una de las 21 regiones del pa\u00eds, que se sumar\u00e1n a&nbsp;la decena ya existentes en otros puntos como Tur\u00edn, Roma, Bari y&nbsp;Brindisi.<\/strong><\/p>\n\n\n\n<p>&#8220;Dispondremos de todo el tiempo necesario no solo para hacer&nbsp;las indagaciones debidas, sino tambi\u00e9n para proceder con la&nbsp;repatriaci\u00f3n de quienes no tienen derecho a la protecci\u00f3n&nbsp;internacional&#8221;, advirti\u00f3 Meloni.<\/p>\n\n\n\n<p><strong>En el caso de los solicitantes de asilo la legislaci\u00f3n no&nbsp;cambiar\u00e1 y podr\u00e1n permanecer hasta doce meses; adem\u00e1s, el gobierno&nbsp;italiano tiene previsto aprobar nuevas medidas la semana pr\u00f3xima&nbsp;sobre los inmigrantes menores que viajen solos.<\/strong><\/p>\n\n\n\n<p>En lo que va del a\u00f1o ya llegaron a las costas italianas&nbsp;<strong>m\u00e1s de&nbsp;130 mil migrantes procedentes de Africa,<\/strong>&nbsp;mayoritariamente desde&nbsp;T\u00fanez, casi el doble de los que arribaron durante 2022 en el&nbsp;mismo per\u00edodo.<\/p>\n","protected":false},"excerpt":{"rendered":"<p>All\u00ed quedar\u00e1n retenidos hasta 18 meses y luego ser\u00e1 enviados a sus pa\u00edses de origen. El gobierno italiano, a\u00a0cargo de\u00a0Giorgia Meloni,\u00a0aprob\u00f3 la apertura de nuevos centros para\u00a0recepcionar\u00a0migrantes sin papeles,\u00a0quienes podr\u00e1n&hellip; <\/p>\n","protected":false},"author":4,"featured_media":89361,"comment_status":"closed","ping_status":"open","sticky":false,"template":"","format":"standard","meta":{"footnotes":""},"categories":[11],"tags":[],"class_list":["post-89360","post","type-post","status-publish","format-standard","has-post-thumbnail","hentry","category-internacionales"],"_links":{"self":[{"href":"https:\/\/corrientesdetarde.com\/index.php\/wp-json\/wp\/v2\/posts\/89360","targetHints":{"allow":["GET"]}}],"collection":[{"href":"https:\/\/corrientesdetarde.com\/index.php\/wp-json\/wp\/v2\/posts"}],"about":[{"href":"https:\/\/corrientesdetarde.com\/index.php\/wp-json\/wp\/v2\/types\/post"}],"author":[{"embeddable":true,"href":"https:\/\/corrientesdetarde.com\/index.php\/wp-json\/wp\/v2\/users\/4"}],"replies":[{"embeddable":true,"href":"https:\/\/corrientesdetarde.com\/index.php\/wp-json\/wp\/v2\/comments?post=89360"}],"version-history":[{"count":1,"href":"https:\/\/corrientesdetarde.com\/index.php\/wp-json\/wp\/v2\/posts\/89360\/revisions"}],"predecessor-version":[{"id":89362,"href":"https:\/\/corrientesdetarde.com\/index.php\/wp-json\/wp\/v2\/posts\/89360\/revisions\/89362"}],"wp:featuredmedia":[{"embeddable":true,"href":"https:\/\/corrientesdetarde.com\/index.php\/wp-json\/wp\/v2\/media\/89361"}],"wp:attachment":[{"href":"https:\/\/corrientesdetarde.com\/index.php\/wp-json\/wp\/v2\/media?parent=89360"}],"wp:term":[{"taxonomy":"category","embeddable":true,"href":"https:\/\/corrientesdetarde.com\/index.php\/wp-json\/wp\/v2\/categories?post=89360"},{"taxonomy":"post_tag","embeddable":true,"href":"https:\/\/corrientesdetarde.com\/index.php\/wp-json\/wp\/v2\/tags?post=89360"}],"curies":[{"name":"wp","href":"https:\/\/api.w.org\/{rel}","templated":true}]}}