{"id":89375,"date":"2023-09-20T21:24:34","date_gmt":"2023-09-21T00:24:34","guid":{"rendered":"https:\/\/corrientesdetarde.com\/?p=89375"},"modified":"2023-09-20T21:24:45","modified_gmt":"2023-09-21T00:24:45","slug":"escandalo-en-el-clasico-rosarino-de-reserva-central-no-salio-a-jugar-por-la-presencia-del-publico-de-newells","status":"publish","type":"post","link":"https:\/\/corrientesdetarde.com\/index.php\/deportes\/escandalo-en-el-clasico-rosarino-de-reserva-central-no-salio-a-jugar-por-la-presencia-del-publico-de-newells\/","title":{"rendered":"Esc\u00e1ndalo en el cl\u00e1sico rosarino de Reserva: Central no sali\u00f3 a jugar por la presencia del p\u00fablico de Newell\u2019s"},"content":{"rendered":"\n<p>La Lepra acord\u00f3 unilateralmente con la seguridad que cinco mil hinchas puedan asistir al partido, pero el rival se enter\u00f3 camino al estadio y decidi\u00f3 no disputar el encuentro.<\/p>\n\n\n\n<p><strong>Un esc\u00e1ndalo se vivi\u00f3 este mi\u00e9rcoles en el cl\u00e1sico rosarino de reserva, ya que Rosario Central se neg\u00f3 a disputar el encuentro ante<\/strong>&nbsp;<strong>Newell&#8217;s en el estadio Coloso Marcelo Bielsa.<\/strong>&nbsp;Esto ocurri\u00f3 porque, camino al recinto<strong>,&nbsp;la delegaci\u00f3n se enter\u00f3 que el rival&nbsp;hab\u00eda hecho un acuerdo unilateral&nbsp;con el personal de seguridad para que haya&nbsp;cinco mil hinchas locales.<\/strong><\/p>\n\n\n\n<p><strong>Desde la entidad del Parque Independencia<\/strong>&nbsp;incluso hab\u00edan publicado la formaci\u00f3n en las redes sociales, mientras que luego<strong>&nbsp;informaron: &#8220;Cl\u00e1sico suspendido. Debido a la falta del equipo visitante,<\/strong>&nbsp;la terna arbitral se vio obligada a suspender el partido. Las condiciones fueron establecidas por La Liga y los organismos de seguridad competentes. A pesar de que el operativo se estaba desarrollando de manera normal y habitual,&nbsp;<strong>Central tom\u00f3 la decisi\u00f3n unilateral de no venir a disputar el encuentro&#8221;.<\/strong><\/p>\n\n\n\n<figure class=\"wp-block-image\"><img decoding=\"async\" src=\"https:\/\/media.tycsports.com\/files\/2023\/09\/20\/620366\/newells-reserva_w416.webp\" alt=\"newells reserva\"\/><\/figure>\n\n\n\n<p>Por su parte,&nbsp;<strong>Sharon Romero<\/strong>, secretaria de Newell&#8217;s, agreg\u00f3:&nbsp;&#8220;Es un torneo en el que se incentiva la presencia de p\u00fablico. Es lamentable, porque armamos todo para que se desarrolle con normalidad.&nbsp;<strong>Central estaba al tanto de que se iba a jugar con p\u00fablico. Ellos tomaron la decisi\u00f3n de no jugarlo as\u00ed. Central mand\u00f3 un listado de gente que iba a venir, estaban en conocimiento. Definir\u00e1 el Tribunal de Disciplina&#8221;<\/strong><strong>.<\/strong>&nbsp;<\/p>\n\n\n\n<p><strong>Hern\u00e1n Brest<\/strong>, encargado de Prevenci\u00f3n en Espect\u00e1culos Deportivos y Eventos Masivos, declar\u00f3 en di\u00e1logo con&nbsp;LT8&nbsp;de Rosario:<strong>&nbsp;&#8220;El lunes se notific\u00f3 a la Liga y a los dos clubes las condiciones acordadas del operativo. Y estaban autorizados 5.500 hinchas locales<\/strong>, que forma parte de una idea de la Liga de que haya p\u00fablico en la Reserva. Se esperaron los 15 minutos reglamentarios y se suspendi\u00f3 el partido al no presentarse uno de los clubes. La Liga tom\u00f3 la decisi\u00f3n.<strong>&nbsp;Ahora decidir\u00e1n ellos c\u00f3mo sigue\u201d.<\/strong><\/p>\n\n\n\n<p>Desde Newell\u2019s entienden que tras haber cumplido con todos los protocolos pertinentes y por el hecho de que el \u00e1rbitro no fue el que suspendi\u00f3 el encuentro, deber\u00edan otorgarle los puntos. Desde Central argumentaron que no hubo reuni\u00f3n previa entre las partes para garantizar la seguridad frente a la presencia de cinco mil hinchas,&nbsp;&nbsp;a la vez que aseguraron que la Municipalidad no estaba en conocimiento del evento ni la cantidad de participantes invitados al partido.<\/p>\n\n\n\n<p>En estos momentos,&nbsp;<strong>las autoridades de la Liga Profesional definir\u00e1n los pasos a seguir.<\/strong>&nbsp;Aunque se trabaja en la reprogramaci\u00f3n del encuentro, el conjunto local pretende que se le d\u00e9 por ganado el partido y es muy probable que el caso acabe en manos del Tribunal de Disciplina.<\/p>\n\n\n\n<p>Adem\u00e1s, mientras el plantel de Central emprend\u00eda el regreso, en el campo de juego los jugadores&nbsp;<strong>Newell&#8217;s salieron a &#8220;jugar&#8221; el partido y s<\/strong>in rival a enfrentar, se quedaron&nbsp;<strong>cantando contra el Canalla junto a sus hinchas.<\/strong><\/p>\n\n\n\n<p>Por su parte, Rosario Central manifest\u00f3 mediante un comunicado por qu\u00e9 no disputo el cl\u00e1sico:&nbsp; &#8220;<strong>No hubo reuni\u00f3n entre las partes para garantizar la seguridad que corresponde a un partido en el que se decidi\u00f3, en forma unilateral, la presencia de 5 mil hinchas locales&#8221;.<\/strong><\/p>\n\n\n\n<p>&#8220;Asimismo, la Municipalidad no estaba en conocimiento del evento ni de la cantidad de participantes invitados por el club al partido, por ende&nbsp;<strong>no estaba habilitado el encuentro ni la cantidad de gente<\/strong>; no pudiendo entonces siquiera garantizar que ingresen las personas habilitadas.&nbsp;<strong>No se respet\u00f3 el principio de reciprocidad&#8221;, a\u00f1adieron.<\/strong><\/p>\n\n\n\n<p>Adem\u00e1s, compararon el accionar con el cl\u00e1sico anterior: &#8220;Cuando Rosario Central fue local en el predio de Arroyo Seco,&nbsp;<strong>se habilit\u00f3 la presencia de 30 personas de cada club y que el partido se jugara sin p\u00fablico<\/strong>. Esto, teniendo en cuenta tambi\u00e9n los graves incidentes que se registraron la \u00faltima vez que Central disput\u00f3 un Cl\u00e1sico en condici\u00f3n de visitante&#8221;.<\/p>\n\n\n\n<p><strong>&#8220;Rosario Central no cuenta con garant\u00edas para quienes acompa\u00f1en a la delegaci\u00f3n, y para el propio plantel<\/strong>, en cuanto al ingreso, permanencia y egreso del lugar de disputa del encuentro Cl\u00e1sico.&nbsp;<strong>Rosario Central va a jugar el Cl\u00e1sico del Torneo Proyecci\u00f3n cuando est\u00e9n dadas las condiciones de seguridad&nbsp;<\/strong>para cuidar como corresponde a los equipos, las instituciones y al propio Cl\u00e1sico rosarino, realizando un trabajo en conjunto entre las instituciones c\u00f3mo se ven\u00eda llevando a cabo hasta ahora, respetando a los clubes y a su gente&#8221;, sentenci\u00f3.<\/p>\n","protected":false},"excerpt":{"rendered":"<p>La Lepra acord\u00f3 unilateralmente con la seguridad que cinco mil hinchas puedan asistir al partido, pero el rival se enter\u00f3 camino al estadio y decidi\u00f3 no disputar el encuentro. Un&hellip; <\/p>\n","protected":false},"author":4,"featured_media":89376,"comment_status":"closed","ping_status":"open","sticky":false,"template":"","format":"standard","meta":{"footnotes":""},"categories":[4],"tags":[],"class_list":["post-89375","post","type-post","status-publish","format-standard","has-post-thumbnail","hentry","category-deportes"],"_links":{"self":[{"href":"https:\/\/corrientesdetarde.com\/index.php\/wp-json\/wp\/v2\/posts\/89375","targetHints":{"allow":["GET"]}}],"collection":[{"href":"https:\/\/corrientesdetarde.com\/index.php\/wp-json\/wp\/v2\/posts"}],"about":[{"href":"https:\/\/corrientesdetarde.com\/index.php\/wp-json\/wp\/v2\/types\/post"}],"author":[{"embeddable":true,"href":"https:\/\/corrientesdetarde.com\/index.php\/wp-json\/wp\/v2\/users\/4"}],"replies":[{"embeddable":true,"href":"https:\/\/corrientesdetarde.com\/index.php\/wp-json\/wp\/v2\/comments?post=89375"}],"version-history":[{"count":1,"href":"https:\/\/corrientesdetarde.com\/index.php\/wp-json\/wp\/v2\/posts\/89375\/revisions"}],"predecessor-version":[{"id":89377,"href":"https:\/\/corrientesdetarde.com\/index.php\/wp-json\/wp\/v2\/posts\/89375\/revisions\/89377"}],"wp:featuredmedia":[{"embeddable":true,"href":"https:\/\/corrientesdetarde.com\/index.php\/wp-json\/wp\/v2\/media\/89376"}],"wp:attachment":[{"href":"https:\/\/corrientesdetarde.com\/index.php\/wp-json\/wp\/v2\/media?parent=89375"}],"wp:term":[{"taxonomy":"category","embeddable":true,"href":"https:\/\/corrientesdetarde.com\/index.php\/wp-json\/wp\/v2\/categories?post=89375"},{"taxonomy":"post_tag","embeddable":true,"href":"https:\/\/corrientesdetarde.com\/index.php\/wp-json\/wp\/v2\/tags?post=89375"}],"curies":[{"name":"wp","href":"https:\/\/api.w.org\/{rel}","templated":true}]}}