{"id":89378,"date":"2023-09-20T21:43:38","date_gmt":"2023-09-21T00:43:38","guid":{"rendered":"https:\/\/corrientesdetarde.com\/?p=89378"},"modified":"2023-09-20T21:43:42","modified_gmt":"2023-09-21T00:43:42","slug":"los-springboks-armaron-un-banco-polemico-para-enfrentar-a-irlanda","status":"publish","type":"post","link":"https:\/\/corrientesdetarde.com\/index.php\/deportes\/los-springboks-armaron-un-banco-polemico-para-enfrentar-a-irlanda\/","title":{"rendered":"Los Springboks armaron un banco pol\u00e9mico para enfrentar a Irlanda"},"content":{"rendered":"\n<p>El entrenador Jaques Nienaber decidi\u00f3 incluir siete forwards y apenas un back.<\/p>\n\n\n\n<p>Los\u00a0<strong>Springboks<\/strong>\u00a0jugar\u00e1n ante\u00a0<strong>Irlanda<\/strong>\u00a0el s\u00e1bado 23 de septiembre a las 16 (hora argentina) en un partido correspondiente a la\u00a0<strong>tercera fecha\u00a0del Mundial de Rugby Francia 2023<\/strong>\u00a0que es trascendental para ambos pensando en los cuartos de final y el entrenador sudafricano,\u00a0<strong>Jaques Nienaber<\/strong>, sorprendi\u00f3 al\u00a0<strong>armar un banco de suplentes que trajo bastante pol\u00e9mica<\/strong>.\u00a0<\/p>\n\n\n\n<p>Sucede que el\u00a0<em>head coach<\/em>\u00a0de los Springboks decidi\u00f3\u00a0<strong>colocar como reservas a siete forwards\u00a0<\/strong>-jugadores de una gran envergadura f\u00edsica- y apenas un back (jugadores ligeritos)\u00a0<strong>pensando en que se dar\u00e1 un tr\u00e1mite de partido \u00e1spero ante Irlanda<\/strong>\u00a0y que deber\u00e1 sustituir a gran parte de su pack para no perder potencia y ritmo.<\/p>\n\n\n\n<p>Este hecho trajo pol\u00e9mica en Sud\u00e1frica, debido a que&nbsp;<strong>varios medios criticaron la situaci\u00f3n de armar un banco con tan pocos recursos entre los backs<\/strong>&nbsp;y citaron el caso de si se eventualmente se llegara a lesionar el apertura, pregunt\u00e1ndose quien cubrir\u00eda su puesto y se har\u00eda cargo de los env\u00edos a los postes.&nbsp;<\/p>\n\n\n\n<p>Igualmente,&nbsp;<strong>entre los hinchas la formaci\u00f3n cay\u00f3 bastante bien<\/strong>. En twitter varios usuarios destacaron frases al estilo de \u201cmuy s\u00f3lida formaci\u00f3n\u201d, \u201cEsta es la final ante de la final, me alegra que la queramos ganar\u201d, \u201cLos vamos a dominar en los puntos de contacto\u201d. Hasta el momento de redacci\u00f3n de esta nota, Irlanda a\u00fan no hab\u00eda presentado su formaci\u00f3n inicial para jugar ante los Springboks&nbsp;<\/p>\n\n\n\n<h2 class=\"wp-block-heading\"><strong>Formaci\u00f3n de los Springboks ante Irlanda&nbsp;<\/strong><\/h2>\n\n\n\n<p><strong>Sud\u00e1frica<\/strong>: 1- Steven Kitshoff, 2- Mbongeni Mbonambi, 3- Frans Malherbe, 4- Eben Etzebeth, 5- Franco Mostert, 6- Siya Kolisi (cap), 7- Pieter-Steph Du Toit, 8- Jasper Wiese, 9- Faf de Klerk, 10- Manie Libbok, 11- Cheslin Kolbe, 12- Damian de Allende, 13- Jesse Kriel, 14- Kurt-Lee Arendse, 15- Damian Willemse.<\/p>\n\n\n\n<p><strong>Suplentes<\/strong>: 16- Deon Fourie, 17- Ox Nche, 18- Trevor Nyakane, 19- Jean Kleyn, 20- RG Snyman, 21- Marco van Staden, 22- Kwagga Smith, 23- Cobus Reinach.<\/p>\n","protected":false},"excerpt":{"rendered":"<p>El entrenador Jaques Nienaber decidi\u00f3 incluir siete forwards y apenas un back. Los\u00a0Springboks\u00a0jugar\u00e1n ante\u00a0Irlanda\u00a0el s\u00e1bado 23 de septiembre a las 16 (hora argentina) en un partido correspondiente a la\u00a0tercera fecha\u00a0del&hellip; <\/p>\n","protected":false},"author":4,"featured_media":89379,"comment_status":"closed","ping_status":"open","sticky":false,"template":"","format":"standard","meta":{"footnotes":""},"categories":[4],"tags":[],"class_list":["post-89378","post","type-post","status-publish","format-standard","has-post-thumbnail","hentry","category-deportes"],"_links":{"self":[{"href":"https:\/\/corrientesdetarde.com\/index.php\/wp-json\/wp\/v2\/posts\/89378","targetHints":{"allow":["GET"]}}],"collection":[{"href":"https:\/\/corrientesdetarde.com\/index.php\/wp-json\/wp\/v2\/posts"}],"about":[{"href":"https:\/\/corrientesdetarde.com\/index.php\/wp-json\/wp\/v2\/types\/post"}],"author":[{"embeddable":true,"href":"https:\/\/corrientesdetarde.com\/index.php\/wp-json\/wp\/v2\/users\/4"}],"replies":[{"embeddable":true,"href":"https:\/\/corrientesdetarde.com\/index.php\/wp-json\/wp\/v2\/comments?post=89378"}],"version-history":[{"count":1,"href":"https:\/\/corrientesdetarde.com\/index.php\/wp-json\/wp\/v2\/posts\/89378\/revisions"}],"predecessor-version":[{"id":89380,"href":"https:\/\/corrientesdetarde.com\/index.php\/wp-json\/wp\/v2\/posts\/89378\/revisions\/89380"}],"wp:featuredmedia":[{"embeddable":true,"href":"https:\/\/corrientesdetarde.com\/index.php\/wp-json\/wp\/v2\/media\/89379"}],"wp:attachment":[{"href":"https:\/\/corrientesdetarde.com\/index.php\/wp-json\/wp\/v2\/media?parent=89378"}],"wp:term":[{"taxonomy":"category","embeddable":true,"href":"https:\/\/corrientesdetarde.com\/index.php\/wp-json\/wp\/v2\/categories?post=89378"},{"taxonomy":"post_tag","embeddable":true,"href":"https:\/\/corrientesdetarde.com\/index.php\/wp-json\/wp\/v2\/tags?post=89378"}],"curies":[{"name":"wp","href":"https:\/\/api.w.org\/{rel}","templated":true}]}}