{"id":89400,"date":"2023-09-20T23:24:37","date_gmt":"2023-09-21T02:24:37","guid":{"rendered":"https:\/\/corrientesdetarde.com\/?p=89400"},"modified":"2023-09-20T23:24:49","modified_gmt":"2023-09-21T02:24:49","slug":"saladas-fue-detenido-un-sujeto-buscado-por-fuerzas-federales","status":"publish","type":"post","link":"https:\/\/corrientesdetarde.com\/index.php\/policiales\/saladas-fue-detenido-un-sujeto-buscado-por-fuerzas-federales\/","title":{"rendered":"Saladas: fue detenido un sujeto buscado por fuerzas federales"},"content":{"rendered":"\n<p>Un hombre de 27 a\u00f1os fue detenido en Saladas que ten\u00eda pedido de captura por parte de las autoridades federales.<\/p>\n\n\n\n<p>Efectivos policiales dependientes de la Comisaria seccional Primera de Saladas procedieron en el barrio Itati de esa ciudad a la identificaci\u00f3n y posterior demora de un sujeto quien, seg\u00fan las primeras averiguaciones efectuadas ten\u00eda pedido de captura por parte de las autoridades federales.<\/p>\n\n\n\n<p>El procedimiento se realiz\u00f3 por calle Sim\u00f3n Bol\u00edvar.<\/p>\n\n\n\n<p>La persona demorada es un hombre de 27 a\u00f1os de edad.<\/p>\n\n\n\n<p>Posteriormente se solicit\u00f3 la colaboraci\u00f3n de personal DUOF (Divisi\u00f3n Unidad Operativa Federal) quienes informaron que el mismo pose\u00eda pedido de captura por estar involucrado en una causa judicial.<\/p>\n\n\n\n<p>Por tal motivo, la persona demorada, fue puesta a disposici\u00f3n de la Justicia y trasladada hasta la citada dependencia a fin de continuar con las diligencias del caso.<\/p>\n","protected":false},"excerpt":{"rendered":"<p>Un hombre de 27 a\u00f1os fue detenido en Saladas que ten\u00eda pedido de captura por parte de las autoridades federales. Efectivos policiales dependientes de la Comisaria seccional Primera de Saladas&hellip; <\/p>\n","protected":false},"author":4,"featured_media":89402,"comment_status":"closed","ping_status":"open","sticky":false,"template":"","format":"standard","meta":{"footnotes":""},"categories":[33],"tags":[],"class_list":["post-89400","post","type-post","status-publish","format-standard","has-post-thumbnail","hentry","category-policiales"],"_links":{"self":[{"href":"https:\/\/corrientesdetarde.com\/index.php\/wp-json\/wp\/v2\/posts\/89400","targetHints":{"allow":["GET"]}}],"collection":[{"href":"https:\/\/corrientesdetarde.com\/index.php\/wp-json\/wp\/v2\/posts"}],"about":[{"href":"https:\/\/corrientesdetarde.com\/index.php\/wp-json\/wp\/v2\/types\/post"}],"author":[{"embeddable":true,"href":"https:\/\/corrientesdetarde.com\/index.php\/wp-json\/wp\/v2\/users\/4"}],"replies":[{"embeddable":true,"href":"https:\/\/corrientesdetarde.com\/index.php\/wp-json\/wp\/v2\/comments?post=89400"}],"version-history":[{"count":1,"href":"https:\/\/corrientesdetarde.com\/index.php\/wp-json\/wp\/v2\/posts\/89400\/revisions"}],"predecessor-version":[{"id":89403,"href":"https:\/\/corrientesdetarde.com\/index.php\/wp-json\/wp\/v2\/posts\/89400\/revisions\/89403"}],"wp:featuredmedia":[{"embeddable":true,"href":"https:\/\/corrientesdetarde.com\/index.php\/wp-json\/wp\/v2\/media\/89402"}],"wp:attachment":[{"href":"https:\/\/corrientesdetarde.com\/index.php\/wp-json\/wp\/v2\/media?parent=89400"}],"wp:term":[{"taxonomy":"category","embeddable":true,"href":"https:\/\/corrientesdetarde.com\/index.php\/wp-json\/wp\/v2\/categories?post=89400"},{"taxonomy":"post_tag","embeddable":true,"href":"https:\/\/corrientesdetarde.com\/index.php\/wp-json\/wp\/v2\/tags?post=89400"}],"curies":[{"name":"wp","href":"https:\/\/api.w.org\/{rel}","templated":true}]}}