{"id":89404,"date":"2023-09-20T23:41:51","date_gmt":"2023-09-21T02:41:51","guid":{"rendered":"https:\/\/corrientesdetarde.com\/?p=89404"},"modified":"2023-09-20T23:42:03","modified_gmt":"2023-09-21T02:42:03","slug":"anticipan-temperaturas-de-extremo-calor-en-corrientes","status":"publish","type":"post","link":"https:\/\/corrientesdetarde.com\/index.php\/clima\/anticipan-temperaturas-de-extremo-calor-en-corrientes\/","title":{"rendered":"Anticipan temperaturas de extremo calor en Corrientes"},"content":{"rendered":"\n<p>As\u00ed lo indic\u00f3 el Servicio Meteorol\u00f3gico Nacional en su pronostico extendido. Una ola de calor impactar\u00e1 fuertemente en el amazonas brasile\u00f1o, y tendr\u00e1 sus consecuencias en nuestra regi\u00f3n, que presentar\u00e1 temperaturas m\u00e1ximas de hasta 38 grados durante el fin de semana.<\/p>\n\n\n\n<p>Luego de la inestabilidad, la gar\u00faa y el cielo gris, Corrientes recibir\u00e1 a la primavera con un golpe de calor. Seg\u00fan el servicio oficial de meteorolog\u00eda, se esperan temperaturas m\u00e1ximas de hasta 38 grados para esta parte del pa\u00eds.<\/p>\n\n\n\n<p>La raz\u00f3n del aumento abrupto de la temperatura est\u00e1 asociado a un fen\u00f3meno clim\u00e1tico que ocurrir\u00e1 en la region: Brasil ha anunciado una ola de calor desde este miercoles 20 en el suroeste del pa\u00eds, que tambi\u00e9n impactar\u00e1 en Bolivia y Paraguay. En el caso de nuestro pa\u00eds, por proximidad geogr\u00e1fica, se producira un aumento de la temperatura en provincias como Misiones, Formosa, y Corrientes, donde es anticipan jornadas de mucho calor y temperaturas m\u00e1ximas de hasta 38 grados.<\/p>\n\n\n\n<p>De hecho, el SMN ya decret\u00f3 un alerta amarilla por temperaturas extremas para Misiones y el Noreste de Corrientes (haciendo foco en ituzaing\u00f3 y Gobernador Virasoro) para este jueves 21.<\/p>\n\n\n\n<p>Se esperan jornadas de cielo nublado por la ma\u00f1ana y algo nublado a despejado por la tarde. No se descartan algunas &nbsp;probabilidades de llovizna aislada para las primeras horas del jueves, y una temperatura m\u00e1xima que podr\u00eda escalar hasta los 34 grados.<\/p>\n\n\n\n<p>El viernes 22 ser\u00e1 sin inestabilidad, con cielo despejado, y con una temperatura m\u00e1xima pronosticada de hasta 38 grados en la capital correntina.<\/p>\n\n\n\n<p>Por su parte, el d\u00eda m\u00e1s caluroso de la semana podr\u00eda ser el s\u00e1bado 23, con una m\u00e1xima estipulada de hasta 40 grados en la capital, acompa\u00f1ada de cielo despejado.<\/p>\n\n\n\n<p>El domingo se repetir\u00e1n las condiciones \u00f3ptimas de tiempo, aunque la temperatura s\u00f3lo ascender\u00eda hasta los 36 este d\u00eda, aguardando por algo de inestabilidad que devuelva la temperatura a valores normales a partir del lunes 25<\/p>\n","protected":false},"excerpt":{"rendered":"<p>As\u00ed lo indic\u00f3 el Servicio Meteorol\u00f3gico Nacional en su pronostico extendido. Una ola de calor impactar\u00e1 fuertemente en el amazonas brasile\u00f1o, y tendr\u00e1 sus consecuencias en nuestra regi\u00f3n, que presentar\u00e1&hellip; <\/p>\n","protected":false},"author":4,"featured_media":89405,"comment_status":"closed","ping_status":"open","sticky":false,"template":"","format":"standard","meta":{"footnotes":""},"categories":[29],"tags":[],"class_list":["post-89404","post","type-post","status-publish","format-standard","has-post-thumbnail","hentry","category-clima"],"_links":{"self":[{"href":"https:\/\/corrientesdetarde.com\/index.php\/wp-json\/wp\/v2\/posts\/89404","targetHints":{"allow":["GET"]}}],"collection":[{"href":"https:\/\/corrientesdetarde.com\/index.php\/wp-json\/wp\/v2\/posts"}],"about":[{"href":"https:\/\/corrientesdetarde.com\/index.php\/wp-json\/wp\/v2\/types\/post"}],"author":[{"embeddable":true,"href":"https:\/\/corrientesdetarde.com\/index.php\/wp-json\/wp\/v2\/users\/4"}],"replies":[{"embeddable":true,"href":"https:\/\/corrientesdetarde.com\/index.php\/wp-json\/wp\/v2\/comments?post=89404"}],"version-history":[{"count":1,"href":"https:\/\/corrientesdetarde.com\/index.php\/wp-json\/wp\/v2\/posts\/89404\/revisions"}],"predecessor-version":[{"id":89406,"href":"https:\/\/corrientesdetarde.com\/index.php\/wp-json\/wp\/v2\/posts\/89404\/revisions\/89406"}],"wp:featuredmedia":[{"embeddable":true,"href":"https:\/\/corrientesdetarde.com\/index.php\/wp-json\/wp\/v2\/media\/89405"}],"wp:attachment":[{"href":"https:\/\/corrientesdetarde.com\/index.php\/wp-json\/wp\/v2\/media?parent=89404"}],"wp:term":[{"taxonomy":"category","embeddable":true,"href":"https:\/\/corrientesdetarde.com\/index.php\/wp-json\/wp\/v2\/categories?post=89404"},{"taxonomy":"post_tag","embeddable":true,"href":"https:\/\/corrientesdetarde.com\/index.php\/wp-json\/wp\/v2\/tags?post=89404"}],"curies":[{"name":"wp","href":"https:\/\/api.w.org\/{rel}","templated":true}]}}