{"id":89413,"date":"2023-09-21T00:21:03","date_gmt":"2023-09-21T03:21:03","guid":{"rendered":"https:\/\/corrientesdetarde.com\/?p=89413"},"modified":"2023-09-21T00:21:09","modified_gmt":"2023-09-21T03:21:09","slug":"ricky-martin-reversiono-fuego-de-noche-nieve-de-dia-con-un-artista-invitado","status":"publish","type":"post","link":"https:\/\/corrientesdetarde.com\/index.php\/espectaculos\/ricky-martin-reversiono-fuego-de-noche-nieve-de-dia-con-un-artista-invitado\/","title":{"rendered":"Ricky Martin reversion\u00f3 \u201cFuego de noche, nieve de d\u00eda\u201d con un artista invitado"},"content":{"rendered":"\n<p>El cantante convoc\u00f3 a Christian Nodal para relanzar el popular tema.<\/p>\n\n\n\n<p><strong>\u201cFuego de Noche, Nieve de D\u00eda\u201d<\/strong>&nbsp;es uno de los hits rom\u00e1nticos de&nbsp;<strong>Ricky Martin<\/strong>. La canci\u00f3n la compusieron por K.C. Porter, Luis G\u00f3mez Escolar y Draco Rosa y form\u00f3 parte del disco&nbsp;<strong>\u201cA medio vivir\u201d<\/strong>, de 1996.<\/p>\n\n\n\n<p>A 27 a\u00f1os de su lanzamiento, el cantante puertorrique\u00f1o busca revivir el tema para present\u00e1rselo a una nueva generaci\u00f3n de seguidores. Por eso convoc\u00f3 a\u00a0<strong>Christian Nodal<\/strong>\u00a0para interpretarlo a d\u00fao.<\/p>\n\n\n\n<figure class=\"wp-block-embed is-type-video is-provider-youtube wp-block-embed-youtube wp-embed-aspect-16-9 wp-has-aspect-ratio\"><div class=\"wp-block-embed__wrapper\">\n<iframe loading=\"lazy\" title=\"Ricky Martin, Christian Nodal - Fuego de Noche, Nieve de D\u00eda (Official Video)\" width=\"1110\" height=\"624\" src=\"https:\/\/www.youtube.com\/embed\/OxZ0fp8Jxd4?feature=oembed\" frameborder=\"0\" allow=\"accelerometer; autoplay; clipboard-write; encrypted-media; gyroscope; picture-in-picture; web-share\" allowfullscreen><\/iframe>\n<\/div><\/figure>\n\n\n\n<p>&nbsp;\u201cDesde que empec\u00e9 los conciertos sinf\u00f3nicos me di cuenta de que esta canci\u00f3n, no solamente tiene una historia maravillosa, sino que<strong>&nbsp;conecta con much\u00edsima gente.&nbsp;<\/strong>Fue entonces cuando se me ocurri\u00f3 grabarla nuevamente, pero esta vez con sonidos cl\u00e1sicos con la ayuda del gran productor, el maestro Julio Reyes Copello, quien de una manera u otra ha marcado&nbsp;<strong>momentos muy importantes en mi carrera&nbsp;<\/strong>y sab\u00eda que transformar\u00eda la canci\u00f3n resguardando siempre su magia\u201d, detall\u00f3 Ricky Martin en un comunicado.<\/p>\n\n\n\n<p>\u201cAl mismo tiempo quise unir fuerzas, generaciones, culturas y crear una explosi\u00f3n porque creo que esta canci\u00f3n se presta para eso. Ah\u00ed es cuando entra Christian Nodal,&nbsp;<strong>quien est\u00e1 haciendo un trabajo maravilloso en la m\u00fasica<\/strong>. Se nota que estudi\u00f3 mucho la canci\u00f3n y dej\u00f3 su alma detr\u00e1s del micr\u00f3fono\u201d, manifest\u00f3 el cantante, de 51 a\u00f1os.<\/p>\n\n\n\n<p>Para Nodal, \u201cesta canci\u00f3n ya era perfecta, pero cuando la escuchen con los mariachis,&nbsp;<strong>les robar\u00e1 el alma como a m\u00ed<\/strong>. Mi desaf\u00edo a\u00fan era mayor, estar a la altura de un Ricky Martin y hacerle honor a mis ra\u00edces mexicanas\u201d.<\/p>\n\n\n\n<figure class=\"wp-block-image\"><img decoding=\"async\" src=\"https:\/\/noticiasargentinas.com\/images\/NA\/Contenidos\/ricky_foto_2.webp\" alt=\"ricky_foto_2.jpg\"\/><\/figure>\n","protected":false},"excerpt":{"rendered":"<p>El cantante convoc\u00f3 a Christian Nodal para relanzar el popular tema. \u201cFuego de Noche, Nieve de D\u00eda\u201d&nbsp;es uno de los hits rom\u00e1nticos de&nbsp;Ricky Martin. La canci\u00f3n la compusieron por K.C.&hellip; <\/p>\n","protected":false},"author":4,"featured_media":89414,"comment_status":"closed","ping_status":"open","sticky":false,"template":"","format":"standard","meta":{"footnotes":""},"categories":[19],"tags":[],"class_list":["post-89413","post","type-post","status-publish","format-standard","has-post-thumbnail","hentry","category-espectaculos"],"_links":{"self":[{"href":"https:\/\/corrientesdetarde.com\/index.php\/wp-json\/wp\/v2\/posts\/89413","targetHints":{"allow":["GET"]}}],"collection":[{"href":"https:\/\/corrientesdetarde.com\/index.php\/wp-json\/wp\/v2\/posts"}],"about":[{"href":"https:\/\/corrientesdetarde.com\/index.php\/wp-json\/wp\/v2\/types\/post"}],"author":[{"embeddable":true,"href":"https:\/\/corrientesdetarde.com\/index.php\/wp-json\/wp\/v2\/users\/4"}],"replies":[{"embeddable":true,"href":"https:\/\/corrientesdetarde.com\/index.php\/wp-json\/wp\/v2\/comments?post=89413"}],"version-history":[{"count":1,"href":"https:\/\/corrientesdetarde.com\/index.php\/wp-json\/wp\/v2\/posts\/89413\/revisions"}],"predecessor-version":[{"id":89415,"href":"https:\/\/corrientesdetarde.com\/index.php\/wp-json\/wp\/v2\/posts\/89413\/revisions\/89415"}],"wp:featuredmedia":[{"embeddable":true,"href":"https:\/\/corrientesdetarde.com\/index.php\/wp-json\/wp\/v2\/media\/89414"}],"wp:attachment":[{"href":"https:\/\/corrientesdetarde.com\/index.php\/wp-json\/wp\/v2\/media?parent=89413"}],"wp:term":[{"taxonomy":"category","embeddable":true,"href":"https:\/\/corrientesdetarde.com\/index.php\/wp-json\/wp\/v2\/categories?post=89413"},{"taxonomy":"post_tag","embeddable":true,"href":"https:\/\/corrientesdetarde.com\/index.php\/wp-json\/wp\/v2\/tags?post=89413"}],"curies":[{"name":"wp","href":"https:\/\/api.w.org\/{rel}","templated":true}]}}