{"id":89416,"date":"2023-09-21T00:44:25","date_gmt":"2023-09-21T03:44:25","guid":{"rendered":"https:\/\/corrientesdetarde.com\/?p=89416"},"modified":"2023-09-21T00:44:28","modified_gmt":"2023-09-21T03:44:28","slug":"furia-en-armenia-con-el-gobierno-tras-la-rendicion-de-nagorno-karabaj","status":"publish","type":"post","link":"https:\/\/corrientesdetarde.com\/index.php\/internacionales\/furia-en-armenia-con-el-gobierno-tras-la-rendicion-de-nagorno-karabaj\/","title":{"rendered":"Furia en Armenia con el gobierno tras la rendici\u00f3n de Nagorno Karabaj"},"content":{"rendered":"\n<p>Luego de una ofensiva de Arzebaiy\u00e1n, separatistas armenios aceptaron que la zona vuelva al control de Bak\u00fa.<\/p>\n\n\n\n<p><strong>Varios centenares de manifestantes se congregaron el mi\u00e9rcoles en la capital armenia para exigir al gobierno que haga m\u00e1s para apoyar a los armenios de Nagorno Karabaj,<\/strong>&nbsp;despu\u00e9s de que Azerbaiy\u00e1n forzara a la regi\u00f3n separatista a una humillante rendici\u00f3n.<\/p>\n\n\n\n<p>Los manifestantes, muchos de ellos j\u00f3venes, se congregaron en la plaza de la Rep\u00fablica, en pleno centro de Erev\u00e1n. Tambi\u00e9n se vieron varios camiones con tropas armenias en el centro de la capital.<\/p>\n\n\n\n<p>Azerbaiy\u00e1n dijo el mi\u00e9rcoles que hab\u00eda detenido su ofensiva en Nagorno Karabaj despu\u00e9s de que las fuerzas separatistas armenias aceptaran un alto el fuego, cuyos t\u00e9rminos indicaban que la zona volver\u00eda al control de Bak\u00fa.<\/p>\n\n\n\n<p><strong>Los armenios, de religi\u00f3n cristiana, reivindican una larga hegemon\u00eda hist\u00f3rica en la zona, a la que llaman Artsaj. Azerbaiy\u00e1n, cuyos habitantes son mayoritariamente musulmanes, tambi\u00e9n vincula su identidad hist\u00f3rica al territorio.<\/strong><\/p>\n\n\n\n<p>Samvel Sargsyan, de 21 a\u00f1os, estudiante de la Universidad de Teatro y Cine de Erev\u00e1n, afirm\u00f3 que Armenia deber\u00eda ayudar a Karabaj.<br>&#8220;Necesitamos que Armenia se una a Artsaj y luche&#8221;, dijo Sargsyan, nacido en la capital de Karabaj, conocida por los armenios como Stepanakert y por los azer\u00edes como Khankendi.<\/p>\n\n\n\n<p><strong>&#8220;Los armenios no pueden aceptar otro pa\u00eds, otra religi\u00f3n. \u00bfPor qu\u00e9 deber\u00edamos hacerlo? \u00bfPor qu\u00e9 deber\u00eda Armenia dar una parte de s\u00ed misma a otra naci\u00f3n?&#8221;.<\/strong><\/p>\n\n\n\n<p>Sargsyan, que sosten\u00eda la bandera roja, azul y naranja de Artsaj, dijo que parec\u00eda el fin del Karabaj armenio, pero no quer\u00eda aceptarlo. &#8220;Si perdemos Artsaj, perdemos Armenia. Porque el siguiente paso ser\u00e1 Armenia&#8221;, afirm\u00f3.<\/p>\n\n\n\n<p><strong>Azerbaiy\u00e1n dijo el mi\u00e9rcoles que quer\u00eda un &#8220;proceso de reintegraci\u00f3n sin problemas&#8221; para los armenios de Karabaj, y rechaz\u00f3 las acusaciones armenias de que quer\u00eda &#8220;limpiar \u00e9tnicamente&#8221; la regi\u00f3n.<\/strong><\/p>\n\n\n\n<p>El primer ministro armenio, Nikol Pashinyan, que perdi\u00f3 la Segunda Guerra de Karabaj frente a Azerbaiy\u00e1n en 2020, pero aun as\u00ed gan\u00f3 la reelecci\u00f3n unos meses despu\u00e9s, se enfrentaba el mi\u00e9rcoles a las peticiones de dimisi\u00f3n de algunos opositores.<\/p>\n\n\n\n<p>Algunos de los presentes en la plaza gritaban &#8220;\u00a1Artsaj!&#8221;, otros &#8220;\u00a1Nikol es un traidor!&#8221;.<\/p>\n\n\n\n<p>En los \u00faltimos meses, Pashinyan ha acusado p\u00fablicamente a Rusia de no hacer lo suficiente para apoyar a Armenia. El martes dijo que fuerzas no identificadas estaban hablando de un golpe de Estado en Erev\u00e1n.<\/p>\n","protected":false},"excerpt":{"rendered":"<p>Luego de una ofensiva de Arzebaiy\u00e1n, separatistas armenios aceptaron que la zona vuelva al control de Bak\u00fa. Varios centenares de manifestantes se congregaron el mi\u00e9rcoles en la capital armenia para&hellip; <\/p>\n","protected":false},"author":4,"featured_media":89417,"comment_status":"closed","ping_status":"open","sticky":false,"template":"","format":"standard","meta":{"footnotes":""},"categories":[11],"tags":[],"class_list":["post-89416","post","type-post","status-publish","format-standard","has-post-thumbnail","hentry","category-internacionales"],"_links":{"self":[{"href":"https:\/\/corrientesdetarde.com\/index.php\/wp-json\/wp\/v2\/posts\/89416","targetHints":{"allow":["GET"]}}],"collection":[{"href":"https:\/\/corrientesdetarde.com\/index.php\/wp-json\/wp\/v2\/posts"}],"about":[{"href":"https:\/\/corrientesdetarde.com\/index.php\/wp-json\/wp\/v2\/types\/post"}],"author":[{"embeddable":true,"href":"https:\/\/corrientesdetarde.com\/index.php\/wp-json\/wp\/v2\/users\/4"}],"replies":[{"embeddable":true,"href":"https:\/\/corrientesdetarde.com\/index.php\/wp-json\/wp\/v2\/comments?post=89416"}],"version-history":[{"count":1,"href":"https:\/\/corrientesdetarde.com\/index.php\/wp-json\/wp\/v2\/posts\/89416\/revisions"}],"predecessor-version":[{"id":89418,"href":"https:\/\/corrientesdetarde.com\/index.php\/wp-json\/wp\/v2\/posts\/89416\/revisions\/89418"}],"wp:featuredmedia":[{"embeddable":true,"href":"https:\/\/corrientesdetarde.com\/index.php\/wp-json\/wp\/v2\/media\/89417"}],"wp:attachment":[{"href":"https:\/\/corrientesdetarde.com\/index.php\/wp-json\/wp\/v2\/media?parent=89416"}],"wp:term":[{"taxonomy":"category","embeddable":true,"href":"https:\/\/corrientesdetarde.com\/index.php\/wp-json\/wp\/v2\/categories?post=89416"},{"taxonomy":"post_tag","embeddable":true,"href":"https:\/\/corrientesdetarde.com\/index.php\/wp-json\/wp\/v2\/tags?post=89416"}],"curies":[{"name":"wp","href":"https:\/\/api.w.org\/{rel}","templated":true}]}}