{"id":89419,"date":"2023-09-21T00:54:04","date_gmt":"2023-09-21T03:54:04","guid":{"rendered":"https:\/\/corrientesdetarde.com\/?p=89419"},"modified":"2023-09-21T00:54:16","modified_gmt":"2023-09-21T03:54:16","slug":"ministro-de-hacienda-de-corrientes-se-reune-con-representantes-de-las-comunas-para-analizar-el-impacto-de-medidas-que-impulsa-massa","status":"publish","type":"post","link":"https:\/\/corrientesdetarde.com\/index.php\/economia\/ministro-de-hacienda-de-corrientes-se-reune-con-representantes-de-las-comunas-para-analizar-el-impacto-de-medidas-que-impulsa-massa\/","title":{"rendered":"Ministro de Hacienda de Corrientes se re\u00fane con representantes de las comunas para analizar el impacto de medidas que impulsa Massa"},"content":{"rendered":"\n<p>El Gobierno Provincial, a trav\u00e9s del Ministro de Hacienda y Finanzas Marcelo Rivas Piasentini con su equipo t\u00e9cnico-econ\u00f3mico, se reunir\u00e1 \u00e9ste jueves con funcionarios de econom\u00eda de las comunas del interior a fin de analizar las recientes medidas de Naci\u00f3n. El encuentro ser\u00e1 en Goya, desde las 10.30.<\/p>\n\n\n\n<p>El Ministro de Hacienda de la Provincia, Marcelo Rivas Piasentini, encabezar\u00e1 \u00e9ste jueves un encuentro en Goya con distintos municipios del interior Corrientes, quienes estar\u00e1n representados por sus funcionarios a cargo del \u00e1rea econ\u00f3mica comunal.<\/p>\n\n\n\n<p>La reuni\u00f3n ser\u00e1 este jueves 21 de septiembre, desde las 10.30 horas, en el Sal\u00f3n de Usos M\u00faltiples del predio Costa Surub\u00ed.<\/p>\n\n\n\n<p>Se estima que m\u00e1s de una treintena de representantas de distintas localidades del interior provincial participar\u00e1n del encuentro con el jefe de la cartera econ\u00f3mica de la gesti\u00f3n del gobernador Gustavo Vald\u00e9s, para analizar el impacto de las medidas econ\u00f3micas que impulsa el candidato a presidente de la Naci\u00f3n por Unidos por la Patria Sergio Massa.<\/p>\n\n\n\n<p>Como advirti\u00f3 el mandatario correntino los funcionarios del \u00e1rea econ\u00f3mica provincial y de los municipios, tambi\u00e9n siguen con mucha atenci\u00f3n las decisiones que pueden provocar impacto en las finanzas correntinas.<\/p>\n\n\n\n<p>Se analizar\u00e1 en Goya, el impacto de las medidas impositivas anunciadas por Sergio Massa (fundamentalmente incremento desproporcionado del M\u00ednimo no Imponible del Impuesto a las Ganancias) sobre las finanzas del Estado Provincial y los municipios.<\/p>\n\n\n\n<p>Entre otros, se espera la presencia de representantes de las comunas de Alvear, Bella Vista, Ca\u00e1 Cat\u00ed, Carolina, Corrientes, Cruz de los Milagros, Curuz\u00fa Cuati\u00e1, Ituzaing\u00f3, Lavalle, Mantilla, Paso de la Patria, Perugorr\u00eda, Pueblo Libertador, Riachuelo, San Isidro, San Luis del Palmar, San Miguel, Santo Tom\u00e9, Colonia Tres de Abril, Yatay ti Calle, Loreto, Itat\u00ed, La Cruz, Mocoret\u00e1, It\u00e9 Ibat\u00e9 y Goya.<\/p>\n","protected":false},"excerpt":{"rendered":"<p>El Gobierno Provincial, a trav\u00e9s del Ministro de Hacienda y Finanzas Marcelo Rivas Piasentini con su equipo t\u00e9cnico-econ\u00f3mico, se reunir\u00e1 \u00e9ste jueves con funcionarios de econom\u00eda de las comunas del&hellip; <\/p>\n","protected":false},"author":4,"featured_media":89420,"comment_status":"closed","ping_status":"open","sticky":false,"template":"","format":"standard","meta":{"footnotes":""},"categories":[20],"tags":[],"class_list":["post-89419","post","type-post","status-publish","format-standard","has-post-thumbnail","hentry","category-economia"],"_links":{"self":[{"href":"https:\/\/corrientesdetarde.com\/index.php\/wp-json\/wp\/v2\/posts\/89419","targetHints":{"allow":["GET"]}}],"collection":[{"href":"https:\/\/corrientesdetarde.com\/index.php\/wp-json\/wp\/v2\/posts"}],"about":[{"href":"https:\/\/corrientesdetarde.com\/index.php\/wp-json\/wp\/v2\/types\/post"}],"author":[{"embeddable":true,"href":"https:\/\/corrientesdetarde.com\/index.php\/wp-json\/wp\/v2\/users\/4"}],"replies":[{"embeddable":true,"href":"https:\/\/corrientesdetarde.com\/index.php\/wp-json\/wp\/v2\/comments?post=89419"}],"version-history":[{"count":1,"href":"https:\/\/corrientesdetarde.com\/index.php\/wp-json\/wp\/v2\/posts\/89419\/revisions"}],"predecessor-version":[{"id":89421,"href":"https:\/\/corrientesdetarde.com\/index.php\/wp-json\/wp\/v2\/posts\/89419\/revisions\/89421"}],"wp:featuredmedia":[{"embeddable":true,"href":"https:\/\/corrientesdetarde.com\/index.php\/wp-json\/wp\/v2\/media\/89420"}],"wp:attachment":[{"href":"https:\/\/corrientesdetarde.com\/index.php\/wp-json\/wp\/v2\/media?parent=89419"}],"wp:term":[{"taxonomy":"category","embeddable":true,"href":"https:\/\/corrientesdetarde.com\/index.php\/wp-json\/wp\/v2\/categories?post=89419"},{"taxonomy":"post_tag","embeddable":true,"href":"https:\/\/corrientesdetarde.com\/index.php\/wp-json\/wp\/v2\/tags?post=89419"}],"curies":[{"name":"wp","href":"https:\/\/api.w.org\/{rel}","templated":true}]}}