{"id":89425,"date":"2023-09-21T07:31:04","date_gmt":"2023-09-21T10:31:04","guid":{"rendered":"https:\/\/corrientesdetarde.com\/?p=89425"},"modified":"2023-09-21T07:31:16","modified_gmt":"2023-09-21T10:31:16","slug":"el-pronostico-de-hoy-jueves-21-de-septiembre","status":"publish","type":"post","link":"https:\/\/corrientesdetarde.com\/index.php\/clima\/el-pronostico-de-hoy-jueves-21-de-septiembre\/","title":{"rendered":"El Pron\u00f3stico de hoy:\u00a0jueves 21 de septiembre"},"content":{"rendered":"\n<figure class=\"wp-block-image size-full\"><img loading=\"lazy\" decoding=\"async\" width=\"880\" height=\"250\" src=\"https:\/\/corrientesdetarde.com\/wp-content\/uploads\/2023\/09\/tiempo-1.png\" alt=\"\" class=\"wp-image-89426\" srcset=\"https:\/\/corrientesdetarde.com\/wp-content\/uploads\/2023\/09\/tiempo-1.png 880w, https:\/\/corrientesdetarde.com\/wp-content\/uploads\/2023\/09\/tiempo-1-300x85.png 300w, https:\/\/corrientesdetarde.com\/wp-content\/uploads\/2023\/09\/tiempo-1-768x218.png 768w\" sizes=\"auto, (max-width: 880px) 100vw, 880px\" \/><\/figure>\n\n\n\n<p>Durante el d\u00eda prevalecer\u00e1 un cielo con nubes dispersas en corrientes, y se tendr\u00e1 una sensaci\u00f3n de calor. La temperatura de hoy alcanzar\u00e1 una m\u00e1xima de 37\u00ba C. y una m\u00ednima de 20\u00ba C. <\/p>\n\n\n\n<figure class=\"wp-block-image size-full\"><img loading=\"lazy\" decoding=\"async\" width=\"880\" height=\"393\" src=\"https:\/\/corrientesdetarde.com\/wp-content\/uploads\/2023\/09\/tiempo-3.png\" alt=\"\" class=\"wp-image-89428\" srcset=\"https:\/\/corrientesdetarde.com\/wp-content\/uploads\/2023\/09\/tiempo-3.png 880w, https:\/\/corrientesdetarde.com\/wp-content\/uploads\/2023\/09\/tiempo-3-300x134.png 300w, https:\/\/corrientesdetarde.com\/wp-content\/uploads\/2023\/09\/tiempo-3-768x343.png 768w\" sizes=\"auto, (max-width: 880px) 100vw, 880px\" \/><\/figure>\n\n\n\n<figure class=\"wp-block-image size-full\"><img loading=\"lazy\" decoding=\"async\" width=\"884\" height=\"264\" src=\"https:\/\/corrientesdetarde.com\/wp-content\/uploads\/2023\/09\/tiempo-2-1.png\" alt=\"\" class=\"wp-image-89431\" srcset=\"https:\/\/corrientesdetarde.com\/wp-content\/uploads\/2023\/09\/tiempo-2-1.png 884w, https:\/\/corrientesdetarde.com\/wp-content\/uploads\/2023\/09\/tiempo-2-1-300x90.png 300w, https:\/\/corrientesdetarde.com\/wp-content\/uploads\/2023\/09\/tiempo-2-1-768x229.png 768w\" sizes=\"auto, (max-width: 884px) 100vw, 884px\" \/><\/figure>\n\n\n\n<figure class=\"wp-block-image size-full\"><img loading=\"lazy\" decoding=\"async\" width=\"880\" height=\"393\" src=\"https:\/\/corrientesdetarde.com\/wp-content\/uploads\/2023\/09\/tiempo-3-1.png\" alt=\"\" class=\"wp-image-89429\" srcset=\"https:\/\/corrientesdetarde.com\/wp-content\/uploads\/2023\/09\/tiempo-3-1.png 880w, https:\/\/corrientesdetarde.com\/wp-content\/uploads\/2023\/09\/tiempo-3-1-300x134.png 300w, https:\/\/corrientesdetarde.com\/wp-content\/uploads\/2023\/09\/tiempo-3-1-768x343.png 768w\" sizes=\"auto, (max-width: 880px) 100vw, 880px\" \/><\/figure>\n\n\n\n<figure class=\"wp-block-image size-full\"><img loading=\"lazy\" decoding=\"async\" width=\"879\" height=\"293\" src=\"https:\/\/corrientesdetarde.com\/wp-content\/uploads\/2023\/09\/tiempo-4.png\" alt=\"\" class=\"wp-image-89430\" srcset=\"https:\/\/corrientesdetarde.com\/wp-content\/uploads\/2023\/09\/tiempo-4.png 879w, https:\/\/corrientesdetarde.com\/wp-content\/uploads\/2023\/09\/tiempo-4-300x100.png 300w, https:\/\/corrientesdetarde.com\/wp-content\/uploads\/2023\/09\/tiempo-4-768x256.png 768w\" sizes=\"auto, (max-width: 879px) 100vw, 879px\" \/><\/figure>\n\n\n\n<p class=\"has-text-align-right\">Fuente: https:\/\/weather.com\/es-AR<\/p>\n","protected":false},"excerpt":{"rendered":"<p>Durante el d\u00eda prevalecer\u00e1 un cielo con nubes dispersas en corrientes, y se tendr\u00e1 una sensaci\u00f3n de calor. La temperatura de hoy alcanzar\u00e1 una m\u00e1xima de 37\u00ba C. y una&hellip; <\/p>\n","protected":false},"author":12,"featured_media":89433,"comment_status":"closed","ping_status":"open","sticky":false,"template":"","format":"standard","meta":{"footnotes":""},"categories":[29],"tags":[],"class_list":["post-89425","post","type-post","status-publish","format-standard","has-post-thumbnail","hentry","category-clima"],"_links":{"self":[{"href":"https:\/\/corrientesdetarde.com\/index.php\/wp-json\/wp\/v2\/posts\/89425","targetHints":{"allow":["GET"]}}],"collection":[{"href":"https:\/\/corrientesdetarde.com\/index.php\/wp-json\/wp\/v2\/posts"}],"about":[{"href":"https:\/\/corrientesdetarde.com\/index.php\/wp-json\/wp\/v2\/types\/post"}],"author":[{"embeddable":true,"href":"https:\/\/corrientesdetarde.com\/index.php\/wp-json\/wp\/v2\/users\/12"}],"replies":[{"embeddable":true,"href":"https:\/\/corrientesdetarde.com\/index.php\/wp-json\/wp\/v2\/comments?post=89425"}],"version-history":[{"count":1,"href":"https:\/\/corrientesdetarde.com\/index.php\/wp-json\/wp\/v2\/posts\/89425\/revisions"}],"predecessor-version":[{"id":89434,"href":"https:\/\/corrientesdetarde.com\/index.php\/wp-json\/wp\/v2\/posts\/89425\/revisions\/89434"}],"wp:featuredmedia":[{"embeddable":true,"href":"https:\/\/corrientesdetarde.com\/index.php\/wp-json\/wp\/v2\/media\/89433"}],"wp:attachment":[{"href":"https:\/\/corrientesdetarde.com\/index.php\/wp-json\/wp\/v2\/media?parent=89425"}],"wp:term":[{"taxonomy":"category","embeddable":true,"href":"https:\/\/corrientesdetarde.com\/index.php\/wp-json\/wp\/v2\/categories?post=89425"},{"taxonomy":"post_tag","embeddable":true,"href":"https:\/\/corrientesdetarde.com\/index.php\/wp-json\/wp\/v2\/tags?post=89425"}],"curies":[{"name":"wp","href":"https:\/\/api.w.org\/{rel}","templated":true}]}}