{"id":89462,"date":"2023-09-21T09:35:15","date_gmt":"2023-09-21T12:35:15","guid":{"rendered":"https:\/\/corrientesdetarde.com\/?p=89462"},"modified":"2023-09-21T09:35:31","modified_gmt":"2023-09-21T12:35:31","slug":"dudas-sobre-la-visita-del-papa-francisco-a-la-argentina-no-ira-a-un-lugar-donde-las-autoridades-lo-desprecien","status":"publish","type":"post","link":"https:\/\/corrientesdetarde.com\/index.php\/actualidad\/dudas-sobre-la-visita-del-papa-francisco-a-la-argentina-no-ira-a-un-lugar-donde-las-autoridades-lo-desprecien\/","title":{"rendered":"Dudas sobre la visita del papa Francisco a la Argentina: &#8220;No ir\u00e1 a un lugar donde las autoridades lo desprecien&#8221;"},"content":{"rendered":"\n<p>El pasado mes de marzo, el papa Francisco se\u00f1al\u00f3 que en 2024 vendr\u00eda a la Argentina, en una visita que sus fieles esperan ansiosamente. Lo cierto es que, recientemente, el candidato a presidente de La Libertad Avanza (LLA), Javier Milei, lanz\u00f3 algunos dichos desafortunados sobre el Sumo Pont\u00edfice, donde -entre otras cosas- se\u00f1al\u00f3 que tiene &#8220;afinidad por las dictaduras sangrientas&#8221;.<\/p>\n\n\n\n<p>En este sentido, V\u00edctor Manuel &#8220;Tucho&#8221; Fern\u00e1ndez, el cardenal designado al frente del Dicasterio para la Doctrina de la Fe y cercano al m\u00e1ximo referente de la Iglesia Cat\u00f3lica, puso en duda la llegada de la visita de Francisco al pa\u00eds: &#8220;Seguramente el Papa no ir\u00e1 a un lugar donde no le inviten, donde puedan usar su visita para conveniencias pol\u00edticas o donde las autoridades desprecien su presencia&#8221;, advirti\u00f3 en una entrevista con el sitio espa\u00f1ol Religi\u00f3n Digital, en relaci\u00f3n a las cr\u00edticas del l\u00edder libertario.<\/p>\n\n\n\n<p>Sin ir m\u00e1s lejos, el propio Bergoglio aclar\u00f3 que su visita al pa\u00eds depender\u00eda de la &#8220;coyuntura sociopol\u00edtica&#8221; y al mismo tiempo, que su visita &#8220;no sea usada ni para un lado ni para el otro&#8221; de la grieta.<\/p>\n\n\n\n<p>Ante el escenario electoral de las PASO, donde Javier Milei obtuvo la mayor\u00eda de votos, su hombre cercano advirti\u00f3 sobre la posibilidad de que el pont\u00edfice cancele su paso por el territorio argentino.<\/p>\n\n\n\n<p>Cabe destacar que, en varios programas de radio y televisi\u00f3n, el candidato presidencial de La Libertad Avanza hab\u00eda acusado al Papa de &#8220;comunista&#8221;, &#8220;encarnar al maligno&#8221;, y ser &#8220;un imb\u00e9cil que defiende la justicia social que es una aberraci\u00f3n&#8221;.<\/p>\n","protected":false},"excerpt":{"rendered":"<p>El pasado mes de marzo, el papa Francisco se\u00f1al\u00f3 que en 2024 vendr\u00eda a la Argentina, en una visita que sus fieles esperan ansiosamente. Lo cierto es que, recientemente, el&hellip; <\/p>\n","protected":false},"author":12,"featured_media":89464,"comment_status":"closed","ping_status":"open","sticky":false,"template":"","format":"standard","meta":{"footnotes":""},"categories":[23],"tags":[],"class_list":["post-89462","post","type-post","status-publish","format-standard","has-post-thumbnail","hentry","category-actualidad"],"_links":{"self":[{"href":"https:\/\/corrientesdetarde.com\/index.php\/wp-json\/wp\/v2\/posts\/89462","targetHints":{"allow":["GET"]}}],"collection":[{"href":"https:\/\/corrientesdetarde.com\/index.php\/wp-json\/wp\/v2\/posts"}],"about":[{"href":"https:\/\/corrientesdetarde.com\/index.php\/wp-json\/wp\/v2\/types\/post"}],"author":[{"embeddable":true,"href":"https:\/\/corrientesdetarde.com\/index.php\/wp-json\/wp\/v2\/users\/12"}],"replies":[{"embeddable":true,"href":"https:\/\/corrientesdetarde.com\/index.php\/wp-json\/wp\/v2\/comments?post=89462"}],"version-history":[{"count":1,"href":"https:\/\/corrientesdetarde.com\/index.php\/wp-json\/wp\/v2\/posts\/89462\/revisions"}],"predecessor-version":[{"id":89465,"href":"https:\/\/corrientesdetarde.com\/index.php\/wp-json\/wp\/v2\/posts\/89462\/revisions\/89465"}],"wp:featuredmedia":[{"embeddable":true,"href":"https:\/\/corrientesdetarde.com\/index.php\/wp-json\/wp\/v2\/media\/89464"}],"wp:attachment":[{"href":"https:\/\/corrientesdetarde.com\/index.php\/wp-json\/wp\/v2\/media?parent=89462"}],"wp:term":[{"taxonomy":"category","embeddable":true,"href":"https:\/\/corrientesdetarde.com\/index.php\/wp-json\/wp\/v2\/categories?post=89462"},{"taxonomy":"post_tag","embeddable":true,"href":"https:\/\/corrientesdetarde.com\/index.php\/wp-json\/wp\/v2\/tags?post=89462"}],"curies":[{"name":"wp","href":"https:\/\/api.w.org\/{rel}","templated":true}]}}