{"id":89473,"date":"2023-09-21T10:06:34","date_gmt":"2023-09-21T13:06:34","guid":{"rendered":"https:\/\/corrientesdetarde.com\/?p=89473"},"modified":"2023-09-21T10:06:45","modified_gmt":"2023-09-21T13:06:45","slug":"dia-del-estudiante-por-que-es-el-21-de-septiembre","status":"publish","type":"post","link":"https:\/\/corrientesdetarde.com\/index.php\/actualidad\/dia-del-estudiante-por-que-es-el-21-de-septiembre\/","title":{"rendered":"D\u00eda del Estudiante: por qu\u00e9 es el 21 de septiembre"},"content":{"rendered":"\n<p><strong>En Argentina cada 21 de septiembre se celebra el D\u00eda del Estudiante<\/strong>. Esta fecha coincide con el comienzo de la primavera, pero&nbsp;<strong>fue elegida porque ese d\u00eda pero de 1888, se repatriaron los restos de Domingo Faustino Sarmiento<\/strong>.<\/p>\n\n\n\n<h2 class=\"wp-block-heading\">21 de septiembre: \u00bfDesde cu\u00e1ndo se festeja?<\/h2>\n\n\n\n<p>Esta celebraci\u00f3n comenz\u00f3 a festejarse a partir de 1902 por iniciativa de&nbsp;<strong>Salvador Debenedetti<\/strong>, estudiante y presidente del Centro de Estudiantes de la Facultad de Filosof\u00eda y Letras de la Universidad de Buenos Aires.<\/p>\n\n\n\n<p>El 21 de septiembre los estudiantes secundarios no asisten a clase y generalmente festejan su d\u00eda con campamentos o celebraciones al aire libre.<\/p>\n\n\n\n<h2 class=\"wp-block-heading\">Domingo Faustino Sarmiento y su rol en la educaci\u00f3n<\/h2>\n\n\n\n<p>Durante su presidencia, construy\u00f3 alrededor de\u00a0800 escuelas\u00a0y planific\u00f3 el arribo de\u00a0maestras extranjeras\u00a0para que trabajen en el pa\u00eds. Adem\u00e1s, se caracteriz\u00f3 por llevar a cabo\u00a0m\u00e9todos de ense\u00f1anza innovadores\u00a0para la \u00e9poca, convencido del poder transformador de la educaci\u00f3n para las sociedades.<\/p>\n\n\n\n<h2 class=\"wp-block-heading\">D\u00eda del Estudiante en Am\u00e9rica Latina<\/h2>\n\n\n\n<figure class=\"wp-block-image\"><img decoding=\"async\" src=\"https:\/\/billiken.lat\/wp-content\/uploads\/2023\/09\/image-56.png\" alt=\"D\u00eda del Estudiante\" class=\"wp-image-63512\"\/><\/figure>\n\n\n\n<p>En el resto de Latinoam\u00e9rica tambi\u00e9n se festeja el d\u00eda del estudiante. En Bolivia el mismo d\u00eda que en Argentina. En Chile, el 11 de mayo se celebra el D\u00eda del Alumno. En Colombia, el 8 de junio es el D\u00eda del Estudiante Revolucionario. En Cuba, se festeja el 17 de noviembre. Por su parte, Guatemala tiene su D\u00eda del Estudiante Universitario cada 22 de mayo. Un d\u00eda despu\u00e9s celebra M\u00e9xico su d\u00eda del estudiante. El 23 de julio es el D\u00eda del Estudiante Nicarag\u00fcense. Panam\u00e1 lo celebra el 27 de octubre, Per\u00fa el 23 de septiembre, Venezuela el 21 de noviembre y Rep\u00fablica Dominicana el 18 de febrero.<\/p>\n","protected":false},"excerpt":{"rendered":"<p>En Argentina cada 21 de septiembre se celebra el D\u00eda del Estudiante. Esta fecha coincide con el comienzo de la primavera, pero&nbsp;fue elegida porque ese d\u00eda pero de 1888, se&hellip; <\/p>\n","protected":false},"author":1,"featured_media":89474,"comment_status":"closed","ping_status":"open","sticky":false,"template":"","format":"standard","meta":{"footnotes":""},"categories":[23],"tags":[],"class_list":["post-89473","post","type-post","status-publish","format-standard","has-post-thumbnail","hentry","category-actualidad"],"_links":{"self":[{"href":"https:\/\/corrientesdetarde.com\/index.php\/wp-json\/wp\/v2\/posts\/89473","targetHints":{"allow":["GET"]}}],"collection":[{"href":"https:\/\/corrientesdetarde.com\/index.php\/wp-json\/wp\/v2\/posts"}],"about":[{"href":"https:\/\/corrientesdetarde.com\/index.php\/wp-json\/wp\/v2\/types\/post"}],"author":[{"embeddable":true,"href":"https:\/\/corrientesdetarde.com\/index.php\/wp-json\/wp\/v2\/users\/1"}],"replies":[{"embeddable":true,"href":"https:\/\/corrientesdetarde.com\/index.php\/wp-json\/wp\/v2\/comments?post=89473"}],"version-history":[{"count":1,"href":"https:\/\/corrientesdetarde.com\/index.php\/wp-json\/wp\/v2\/posts\/89473\/revisions"}],"predecessor-version":[{"id":89475,"href":"https:\/\/corrientesdetarde.com\/index.php\/wp-json\/wp\/v2\/posts\/89473\/revisions\/89475"}],"wp:featuredmedia":[{"embeddable":true,"href":"https:\/\/corrientesdetarde.com\/index.php\/wp-json\/wp\/v2\/media\/89474"}],"wp:attachment":[{"href":"https:\/\/corrientesdetarde.com\/index.php\/wp-json\/wp\/v2\/media?parent=89473"}],"wp:term":[{"taxonomy":"category","embeddable":true,"href":"https:\/\/corrientesdetarde.com\/index.php\/wp-json\/wp\/v2\/categories?post=89473"},{"taxonomy":"post_tag","embeddable":true,"href":"https:\/\/corrientesdetarde.com\/index.php\/wp-json\/wp\/v2\/tags?post=89473"}],"curies":[{"name":"wp","href":"https:\/\/api.w.org\/{rel}","templated":true}]}}