{"id":89478,"date":"2023-09-21T10:33:45","date_gmt":"2023-09-21T13:33:45","guid":{"rendered":"https:\/\/corrientesdetarde.com\/?p=89478"},"modified":"2023-09-21T10:33:57","modified_gmt":"2023-09-21T13:33:57","slug":"facebook-cambio-su-logo-pero-solamente-un-genio-puede-encontrar-las-diferencias","status":"publish","type":"post","link":"https:\/\/corrientesdetarde.com\/index.php\/informacion-general\/facebook-cambio-su-logo-pero-solamente-un-genio-puede-encontrar-las-diferencias\/","title":{"rendered":"Facebook cambi\u00f3 su logo, pero solamente un genio puede encontrar las diferencias"},"content":{"rendered":"\n<p>Parece uno de los\u00a0desaf\u00edos visuales para encontrar elementos escondidos en una imagen, pero no lo es. El\u00a0<strong>cambio en el logo de Facebook\u00a0<\/strong>es sutil y casi imperceptible para el ojo no entrenado, a pesar de que Meta, la compa\u00f1\u00eda responsable de la red social, lo ha descripto como \u201caudaz y el\u00e9ctrico\u201d.<\/p>\n\n\n\n<h2 class=\"wp-block-heading\">Facebook redise\u00f1a su logo, pero los cambios son casi imperceptibles<\/h2>\n\n\n\n<p>El\u00a0<strong>nuevo logotipo de\u00a0Facebook<\/strong>es b\u00e1sicamente igual al anterior, con excepci\u00f3n de algunas modificaciones ligeras. En el siguiente video es posible advertir los cambios hist\u00f3ricos en el dibujo que identifica a esta red social, que seg\u00fan estad\u00edsticas oficiales tiene m\u00e1s de 2.000 millones de usuarios activos al d\u00eda.<\/p>\n\n\n\n<figure class=\"wp-block-image\"><img decoding=\"async\" src=\"https:\/\/tn.com.ar\/resizer\/v9Ia6KAJP_2NYCDQzarndqxFSgo=\/767x0\/smart\/filters:format(webp)\/thumbs.vodgc.net\/1-398-fBkKlv1695300351082_480P.jpg\" alt=\"Video Placeholder\"\/><\/figure>\n\n\n\n<p>Se espera que en el futuro Meta haga m\u00e1s modificaciones en el dise\u00f1o de la red social. (Video: Meta)<\/p>\n\n\n\n<p>Aunque la renovaci\u00f3n es apenas distinguible, desde Meta han descripto este paso con gran elocuencia. \u201cNuestra intenci\u00f3n era crear un&nbsp;<strong>dise\u00f1o renovado del logotipo de Facebook que fuera m\u00e1s audaz y el\u00e9ctrico<\/strong>. Cada uno de los refinamientos genera una mayor armon\u00eda en todo el dise\u00f1o como elemento clave de la identidad de la aplicaci\u00f3n\u201d, explicaron en un comunicado. \u201cHemos hecho esto incorporando una expresi\u00f3n m\u00e1s segura del color azul (\u2026) que proporciona un contraste m\u00e1s fuerte para que la \u201cf\u201d se destaque\u201d, agregaron.<\/p>\n\n\n\n<p>La publicaci\u00f3n\u00a0<em>The Verge\u00a0<\/em>bromea al repasar las declaraciones del conglomerado que dirige Mark Zuckerberg. \u201cSon demasiadas palabras para decir que el logo tiene un azul m\u00e1s oscuro!\u201d, dicen.<\/p>\n\n\n\n<p>Cabe se\u00f1alar que el redise\u00f1o se aplica en la\u00a0red social Facebook, el servicio original de una empresa que ahora se llama Meta y agrupa otros productos, entre ellos Instagram y WhatsApp.<\/p>\n\n\n\n<h2 class=\"wp-block-heading\">\u00bfQu\u00e9 cambi\u00f3 en el logo de Facebook?<\/h2>\n\n\n\n<p>Tal como se\u00f1alamos, b\u00e1sicamente es igual al anterior. El redise\u00f1o se enfoc\u00f3 en dos aspectos.<\/p>\n\n\n\n<ul class=\"wp-block-list\"><li>El color azul es m\u00e1s oscuro.<\/li><li>Se realizaron ajustes en la letra \u201cf\u201d min\u00fascula, alternando algunas de sus l\u00edneas.<\/li><\/ul>\n\n\n\n<figure class=\"wp-block-image\"><img decoding=\"async\" src=\"https:\/\/tn.com.ar\/resizer\/_5_XsVFCyZYCzckrphofRohvLg8=\/767x0\/smart\/filters:format(webp)\/cloudfront-us-east-1.images.arcpublishing.com\/artear\/BE3QXSI7TVBY5GA7AYE2QBZNAM.gif\" alt=\"La funci\u00f3n Reactions de Facebook tambi\u00e9n fue redise\u00f1ada. (Imagen: Meta)\"\/><figcaption>La funci\u00f3n Reactions de Facebook tambi\u00e9n fue redise\u00f1ada. (Imagen: Meta)<\/figcaption><\/figure>\n\n\n\n<p>Adem\u00e1s del emblema que identifica a la red social, tambi\u00e9n hay una nueva gama de tonalidades y un refinamiento de la apariencia de una funci\u00f3n para interactuar m\u00e1s all\u00e1 de los\u00a0<em>likes<\/em>. \u201cA trav\u00e9s de nuestra paleta de colores ampliada, le damos m\u00e1s emoci\u00f3n a Reactions. Ajustamos los colores para cumplir con las pautas de accesibilidad del color, de modo que nuestra iconograf\u00eda sea legible en cualquier tama\u00f1o, lo suficientemente flexible para diferentes necesidades y f\u00e1cil de interactuar para las personas\u201d, se\u00f1alaron.<\/p>\n\n\n\n<p>Ligeros, sutiles y detectables para ojos adiestrados en dise\u00f1o gr\u00e1fico; se espera que a estos cambios sigan otros. La firma californiana prepara m\u00e1s novedades en la apariencia de su red social original. Seg\u00fan indicaron, esta es la \u201cprimera fase de un sistema de identidad actualizado\u201d.<\/p>\n","protected":false},"excerpt":{"rendered":"<p>Parece uno de los\u00a0desaf\u00edos visuales para encontrar elementos escondidos en una imagen, pero no lo es. El\u00a0cambio en el logo de Facebook\u00a0es sutil y casi imperceptible para el ojo no&hellip; <\/p>\n","protected":false},"author":12,"featured_media":89483,"comment_status":"closed","ping_status":"open","sticky":false,"template":"","format":"standard","meta":{"footnotes":""},"categories":[1],"tags":[],"class_list":["post-89478","post","type-post","status-publish","format-standard","has-post-thumbnail","hentry","category-informacion-general"],"_links":{"self":[{"href":"https:\/\/corrientesdetarde.com\/index.php\/wp-json\/wp\/v2\/posts\/89478","targetHints":{"allow":["GET"]}}],"collection":[{"href":"https:\/\/corrientesdetarde.com\/index.php\/wp-json\/wp\/v2\/posts"}],"about":[{"href":"https:\/\/corrientesdetarde.com\/index.php\/wp-json\/wp\/v2\/types\/post"}],"author":[{"embeddable":true,"href":"https:\/\/corrientesdetarde.com\/index.php\/wp-json\/wp\/v2\/users\/12"}],"replies":[{"embeddable":true,"href":"https:\/\/corrientesdetarde.com\/index.php\/wp-json\/wp\/v2\/comments?post=89478"}],"version-history":[{"count":1,"href":"https:\/\/corrientesdetarde.com\/index.php\/wp-json\/wp\/v2\/posts\/89478\/revisions"}],"predecessor-version":[{"id":89484,"href":"https:\/\/corrientesdetarde.com\/index.php\/wp-json\/wp\/v2\/posts\/89478\/revisions\/89484"}],"wp:featuredmedia":[{"embeddable":true,"href":"https:\/\/corrientesdetarde.com\/index.php\/wp-json\/wp\/v2\/media\/89483"}],"wp:attachment":[{"href":"https:\/\/corrientesdetarde.com\/index.php\/wp-json\/wp\/v2\/media?parent=89478"}],"wp:term":[{"taxonomy":"category","embeddable":true,"href":"https:\/\/corrientesdetarde.com\/index.php\/wp-json\/wp\/v2\/categories?post=89478"},{"taxonomy":"post_tag","embeddable":true,"href":"https:\/\/corrientesdetarde.com\/index.php\/wp-json\/wp\/v2\/tags?post=89478"}],"curies":[{"name":"wp","href":"https:\/\/api.w.org\/{rel}","templated":true}]}}