{"id":89479,"date":"2023-09-21T11:00:39","date_gmt":"2023-09-21T14:00:39","guid":{"rendered":"https:\/\/corrientesdetarde.com\/?p=89479"},"modified":"2023-09-21T11:00:51","modified_gmt":"2023-09-21T14:00:51","slug":"dos-motociclistas-golpearon-salvajemente-a-un-maratonista-con-un-casco-fueron-directamente-a-matarme","status":"publish","type":"post","link":"https:\/\/corrientesdetarde.com\/index.php\/policiales\/dos-motociclistas-golpearon-salvajemente-a-un-maratonista-con-un-casco-fueron-directamente-a-matarme\/","title":{"rendered":"Dos motociclistas golpearon salvajemente a un maratonista con un casco: \u201cFueron directamente a matarme\u201d"},"content":{"rendered":"\n<p>Un hombre de 48 a\u00f1os que entrenaba por la calle cerca de Playa Varese fue interceptado por dos sujetos que circulaban en moto y lo atacaron&nbsp;<strong>salvajemente con un casco.<\/strong>&nbsp;\u201cNo fue intento de robo, fueron directamente a matarme\u201d, manifest\u00f3 Germ\u00e1n Mart\u00ednez, la v\u00edctima.<\/p>\n\n\n\n<p>Como consecuencia de la agresi\u00f3n, recibi\u00f3\u00a0<strong>cuatro puntos de sutura arriba de la ceja y otros cuatro\u00a0<\/strong>en una de las rodillas pero, adem\u00e1s, el runner lament\u00f3 que no estar\u00e1 en condiciones de participar de<strong>\u00a0la marat\u00f3n de 42 kil\u00f3metros<\/strong>\u00a0que se realizar\u00e1 en Buenos Aires el pr\u00f3ximo domingo.<\/p>\n\n\n\n<p>\u201cDale, dale\u201d, fue lo \u00fanico que el maratonista alcanz\u00f3 a escuchar antes de tener a los agresores encima. En di\u00e1logo con el portal local&nbsp;<em>0223,&nbsp;<\/em>relat\u00f3: \u201cCon el golpe del casco me noquearon. Fue<strong>&nbsp;como si me dieran con un fierrazo<\/strong>&nbsp;en la cabeza. Esto fue pr\u00e1cticamente a matar. Ni siquiera fue un intento de robo, no hubo nada previo\u201d.<\/p>\n\n\n\n<figure class=\"wp-block-image\"><img decoding=\"async\" src=\"https:\/\/tn.com.ar\/resizer\/vf84TVeXvGtWD7ldAT6_D8YSGTM=\/767x0\/smart\/filters:format(webp)\/cloudfront-us-east-1.images.arcpublishing.com\/artear\/LQCYK4OPJFACHKXVIZENYWQLFA.JPG\" alt=\"La v\u00edctima, despu\u00e9s de la agresi\u00f3n. (Foto: NA).\"\/><figcaption>La v\u00edctima, despu\u00e9s de la agresi\u00f3n. (Foto: NA).<\/figcaption><\/figure>\n\n\n\n<p>Mart\u00ednez corr\u00eda pegado al cord\u00f3n de la vereda en la zona del paseo Jes\u00fas de Gal\u00edndez, entre la subida de Varese y el Torre\u00f3n del Monje, cuando fue abordado por los dos motochorros. \u201cHace siete a\u00f1os que corro.\u00a0<strong>No me meto con nadie<\/strong>\u201d, indic\u00f3.<\/p>\n\n\n\n<p>A una cuadra de distancia de donde ocurri\u00f3 la brutal golpiza se encontraba otro runner que lleg\u00f3 a ver&nbsp;<strong>una moto roja grande:&nbsp;<\/strong>\u201cHab\u00eda dos personas arriba: el conductor ten\u00eda campera negra y el casco puesto, mientras que el otro era rubio, ven\u00eda con el casco en la mano y puede ser el que me peg\u00f3 a m\u00ed\u201d.<\/p>\n\n\n\n<p>A su vez, remarc\u00f3 que qued\u00f3 tirado en medio de la calle y que la ambulancia no lleg\u00f3 nunca. \u201c<strong>Me rescataron mis compa\u00f1eros<\/strong>\u201d, cont\u00f3 el hombre agredido. \u201cMi hermana me subi\u00f3 al auto y me llev\u00f3 hasta la guardia del Hospital Interzonal\u201d, a\u00f1adi\u00f3.<\/p>\n\n\n\n<p>\u201cQuiero que esto no le pase a nadie m\u00e1s y<strong>&nbsp;saber qui\u00e9nes me atacaron\u201d<\/strong>, insisti\u00f3 Mart\u00ednez, que radic\u00f3 la denuncia en la subcomisar\u00eda Casino. \u201c<strong>Alguna c\u00e1mara de seguridad<\/strong>&nbsp;tiene que haber captado algo\u201d, plante\u00f3.<\/p>\n","protected":false},"excerpt":{"rendered":"<p>Un hombre de 48 a\u00f1os que entrenaba por la calle cerca de Playa Varese fue interceptado por dos sujetos que circulaban en moto y lo atacaron&nbsp;salvajemente con un casco.&nbsp;\u201cNo fue&hellip; <\/p>\n","protected":false},"author":12,"featured_media":89487,"comment_status":"closed","ping_status":"open","sticky":false,"template":"","format":"standard","meta":{"footnotes":""},"categories":[33],"tags":[],"class_list":["post-89479","post","type-post","status-publish","format-standard","has-post-thumbnail","hentry","category-policiales"],"_links":{"self":[{"href":"https:\/\/corrientesdetarde.com\/index.php\/wp-json\/wp\/v2\/posts\/89479","targetHints":{"allow":["GET"]}}],"collection":[{"href":"https:\/\/corrientesdetarde.com\/index.php\/wp-json\/wp\/v2\/posts"}],"about":[{"href":"https:\/\/corrientesdetarde.com\/index.php\/wp-json\/wp\/v2\/types\/post"}],"author":[{"embeddable":true,"href":"https:\/\/corrientesdetarde.com\/index.php\/wp-json\/wp\/v2\/users\/12"}],"replies":[{"embeddable":true,"href":"https:\/\/corrientesdetarde.com\/index.php\/wp-json\/wp\/v2\/comments?post=89479"}],"version-history":[{"count":1,"href":"https:\/\/corrientesdetarde.com\/index.php\/wp-json\/wp\/v2\/posts\/89479\/revisions"}],"predecessor-version":[{"id":89488,"href":"https:\/\/corrientesdetarde.com\/index.php\/wp-json\/wp\/v2\/posts\/89479\/revisions\/89488"}],"wp:featuredmedia":[{"embeddable":true,"href":"https:\/\/corrientesdetarde.com\/index.php\/wp-json\/wp\/v2\/media\/89487"}],"wp:attachment":[{"href":"https:\/\/corrientesdetarde.com\/index.php\/wp-json\/wp\/v2\/media?parent=89479"}],"wp:term":[{"taxonomy":"category","embeddable":true,"href":"https:\/\/corrientesdetarde.com\/index.php\/wp-json\/wp\/v2\/categories?post=89479"},{"taxonomy":"post_tag","embeddable":true,"href":"https:\/\/corrientesdetarde.com\/index.php\/wp-json\/wp\/v2\/tags?post=89479"}],"curies":[{"name":"wp","href":"https:\/\/api.w.org\/{rel}","templated":true}]}}