{"id":89489,"date":"2023-09-21T11:18:58","date_gmt":"2023-09-21T14:18:58","guid":{"rendered":"https:\/\/corrientesdetarde.com\/?p=89489"},"modified":"2023-09-21T11:19:02","modified_gmt":"2023-09-21T14:19:02","slug":"tridente-cancion-de-autor-roberto-calvo-martin-mansilla-mario-diaz-presentan-su-disco-en-buenos-aires","status":"publish","type":"post","link":"https:\/\/corrientesdetarde.com\/index.php\/cultura\/tridente-cancion-de-autor-roberto-calvo-martin-mansilla-mario-diaz-presentan-su-disco-en-buenos-aires\/","title":{"rendered":"TRIDENTE Canci\u00f3n de autor \/\/ ROBERTO CALVO &#8211; MARTIN MANSILLA &#8211; MARIO D\u00cdAZ, presentan su disco en Buenos Aires"},"content":{"rendered":"\n<p>&#8220;El \u00e1rbol sue\u00f1a que canta&#8221;. ROBERTO CALVO, MART\u00cdN MANSILLA &amp; MARIO D\u00cdAZ. 23 de Septiembre \u2013 21hs. Auditorio del Palacio El Victorial Piedras 722 \u2013 San Telmo.<\/p>\n\n\n\n<p><strong>Tres artistas de distintas latitudes del pa\u00eds plasmaron&nbsp;en su disco &#8220;El \u00e1rbol sue\u00f1a que canta&#8221; 3 canciones de cada uno.&nbsp;Un encuentro de creadores enlazados por&nbsp;una l\u00ednea po\u00e9tica comprometida coinciden en esta propuesta de m\u00fasica palabra y belleza sonora. En ellas describen paisajes e historias de universos bien diferentes.<\/strong><\/p>\n\n\n\n<p><img decoding=\"async\" alt=\"\ud83c\udf41\" src=\"https:\/\/fonts.gstatic.com\/s\/e\/notoemoji\/15.0\/1f341\/32.png\">Mario D\u00edaz, autor, compositor, cantante y guitarrista cordob\u00e9s, de una vasta trayectoria en el mundo sonoro de nuestro pa\u00eds.<\/p>\n\n\n\n<p><img decoding=\"async\" alt=\"\ud83c\udf41\" src=\"https:\/\/fonts.gstatic.com\/s\/e\/notoemoji\/15.0\/1f341\/32.png\">Mart\u00edn Mansilla, autor, compositor, guitarrista y cantante de Santa Rosa, La Pampa, destacado int\u00e9rprete de la nueva generaci\u00f3n.<\/p>\n\n\n\n<p><img decoding=\"async\" alt=\"\ud83c\udf41\" src=\"https:\/\/fonts.gstatic.com\/s\/e\/notoemoji\/15.0\/1f341\/32.png\">Roberto Calvo, guitarrista, compositor y arreglador, tambi\u00e9n, con un extenso recorrido en nuestra m\u00fasica popular.<\/p>\n\n\n\n<p>Con canciones nuevas que integran un repertorio sensible, emotivo y colorido El \u00e1rbol sue\u00f1a que canta, a trav\u00e9s de las voces y las guitarras, propone un sue\u00f1o colectivo a su audiencia. Desde las \u00f3pticas diversas de sus tres integrantes Tridente compone sobre la poes\u00eda, con regionalidad pero sobre todo con esa sensibilidad que los hace enlazarse en el aire y en el arte.<\/p>\n\n\n\n<p>El disco se grab\u00f3 en los estudios El limonero, del m\u00fasico&nbsp;<strong>Claudio Turica<\/strong>, quien particip\u00f3 adem\u00e1s en \u00e9l as\u00ed como&nbsp;<strong>Juan Cruz<\/strong>&nbsp;<strong>Donati<\/strong>&nbsp;en percusi\u00f3n. Edit\u00f3 el sello Acqua:&nbsp;<a href=\"https:\/\/www.acqua-records.com\/\" target=\"_blank\" rel=\"noreferrer noopener\">https:\/\/www.acqua-records.com\/<\/a>&nbsp;.<\/p>\n\n\n\n<p>Los arreglos le pertenecen a Roberto Calvo y la magia a todos.<\/p>\n\n\n\n<p>Disco full:&nbsp;<img decoding=\"async\" alt=\"\u23ed\" src=\"https:\/\/fonts.gstatic.com\/s\/e\/notoemoji\/15.0\/23ed\/32.png\">&nbsp;<a href=\"https:\/\/open.spotify.com\/intl-es\/track\/2XOMSGzh25solVxUN8yjXm\" target=\"_blank\" rel=\"noreferrer noopener\">https:\/\/open.spotify.com\/intl-es\/track\/2XOMSGzh25solVxUN8yjXm<\/a>&nbsp; &nbsp;<\/p>\n\n\n\n<figure class=\"wp-block-image\"><img decoding=\"async\" src=\"https:\/\/mail.google.com\/mail\/u\/0?ui=2&amp;ik=8fb6f20d73&amp;attid=0.0.2&amp;permmsgid=msg-f:1777414507164415405&amp;th=18aaa513be2935ad&amp;view=fimg&amp;fur=ip&amp;sz=s0-l75-ft&amp;attbid=ANGjdJ-PF8NhhaiTkebIPnGxfFNO4kHg4uyZqNvM8usxBg_sVueQr4_YmzDA9oLUrud52zmswPNgvEGkWgVDK4evrLTpO85SQwCJoFfGoPFGDlewohefQJBl9QQqgaU&amp;disp=emb&amp;realattid=ii_ll48rqy96\" alt=\"tapa CD tridente.jpeg\"\/><\/figure>\n\n\n\n<p><img decoding=\"async\" alt=\"\ud83c\udf41\" src=\"https:\/\/fonts.gstatic.com\/s\/e\/notoemoji\/15.0\/1f341\/32.png\">Lista de temas:<\/p>\n\n\n\n<p><strong>1.&nbsp;&nbsp;&nbsp;&nbsp;<\/strong><strong>Rosa M\u00edstica:&nbsp;<\/strong>Letra: H\u00e9ctor Vignatti \/ M\u00fasica: Mart\u00edn Mansilla<\/p>\n\n\n\n<p>2.&nbsp;&nbsp;&nbsp;&nbsp;<strong>Coplas para el zambero<\/strong>: Letra: Rub\u00e9n Cruz \/ M\u00fasica: Roberto Calvo<\/p>\n\n\n\n<p><strong>3.&nbsp;&nbsp;&nbsp;&nbsp;<\/strong><strong>El Tala:&nbsp;<\/strong>Letra: Juan Vicente Diaz \/ M\u00fasica: Mario D\u00edaz<\/p>\n\n\n\n<p>4.&nbsp;&nbsp;&nbsp;&nbsp;<strong>Vidas ajenas<\/strong>: Letra: H\u00e9ctor Vignatii \/ M\u00fasica: Martin Mansilla<\/p>\n\n\n\n<p><strong>5.&nbsp;&nbsp;&nbsp;&nbsp;<\/strong><strong>Coranzoncito:&nbsp;<\/strong>Letra: H\u00e9ctor Vignati \/ M\u00fasica: Mart\u00edn Mansilla<\/p>\n\n\n\n<p>6.&nbsp;&nbsp;&nbsp;&nbsp;<strong>Pueblito de Aleman\u00eda<\/strong>: Letra: Hugo Rivella \/ M\u00fasic: Mario D\u00edaz<\/p>\n\n\n\n<p>7.&nbsp;&nbsp;&nbsp;&nbsp;<strong>Y perd\u00f3name la ausencia<\/strong>: Letra: H\u00e9ctor Vignatti \/ M\u00fasica: Mart\u00edn Mansilla<\/p>\n\n\n\n<p>8.&nbsp;&nbsp;&nbsp;&nbsp;<strong>Coplitas del querend\u00f3n<\/strong>: L: versos populares y Domingo Zerpa \/ M: Mario Diaz<\/p>\n\n\n\n<p>9.&nbsp;&nbsp;&nbsp;&nbsp;<strong>Octubre<\/strong>: &nbsp;Letra:Ra\u00fal Delgado \/ Musica: Roberto Calvo<\/p>\n","protected":false},"excerpt":{"rendered":"<p>&#8220;El \u00e1rbol sue\u00f1a que canta&#8221;. ROBERTO CALVO, MART\u00cdN MANSILLA &amp; MARIO D\u00cdAZ. 23 de Septiembre \u2013 21hs. Auditorio del Palacio El Victorial Piedras 722 \u2013 San Telmo. Tres artistas de&hellip; <\/p>\n","protected":false},"author":11,"featured_media":89490,"comment_status":"closed","ping_status":"open","sticky":false,"template":"","format":"standard","meta":{"footnotes":""},"categories":[15],"tags":[1091,1090],"class_list":["post-89489","post","type-post","status-publish","format-standard","has-post-thumbnail","hentry","category-cultura","tag-musica","tag-tridente"],"_links":{"self":[{"href":"https:\/\/corrientesdetarde.com\/index.php\/wp-json\/wp\/v2\/posts\/89489","targetHints":{"allow":["GET"]}}],"collection":[{"href":"https:\/\/corrientesdetarde.com\/index.php\/wp-json\/wp\/v2\/posts"}],"about":[{"href":"https:\/\/corrientesdetarde.com\/index.php\/wp-json\/wp\/v2\/types\/post"}],"author":[{"embeddable":true,"href":"https:\/\/corrientesdetarde.com\/index.php\/wp-json\/wp\/v2\/users\/11"}],"replies":[{"embeddable":true,"href":"https:\/\/corrientesdetarde.com\/index.php\/wp-json\/wp\/v2\/comments?post=89489"}],"version-history":[{"count":1,"href":"https:\/\/corrientesdetarde.com\/index.php\/wp-json\/wp\/v2\/posts\/89489\/revisions"}],"predecessor-version":[{"id":89491,"href":"https:\/\/corrientesdetarde.com\/index.php\/wp-json\/wp\/v2\/posts\/89489\/revisions\/89491"}],"wp:featuredmedia":[{"embeddable":true,"href":"https:\/\/corrientesdetarde.com\/index.php\/wp-json\/wp\/v2\/media\/89490"}],"wp:attachment":[{"href":"https:\/\/corrientesdetarde.com\/index.php\/wp-json\/wp\/v2\/media?parent=89489"}],"wp:term":[{"taxonomy":"category","embeddable":true,"href":"https:\/\/corrientesdetarde.com\/index.php\/wp-json\/wp\/v2\/categories?post=89489"},{"taxonomy":"post_tag","embeddable":true,"href":"https:\/\/corrientesdetarde.com\/index.php\/wp-json\/wp\/v2\/tags?post=89489"}],"curies":[{"name":"wp","href":"https:\/\/api.w.org\/{rel}","templated":true}]}}