{"id":89494,"date":"2023-09-21T12:01:14","date_gmt":"2023-09-21T15:01:14","guid":{"rendered":"https:\/\/corrientesdetarde.com\/?p=89494"},"modified":"2023-09-21T12:01:17","modified_gmt":"2023-09-21T15:01:17","slug":"una-ambulancia-choco-contra-un-caballo-suelto","status":"publish","type":"post","link":"https:\/\/corrientesdetarde.com\/index.php\/informacion-general\/una-ambulancia-choco-contra-un-caballo-suelto\/","title":{"rendered":"Una ambulancia choc\u00f3 contra un caballo suelto"},"content":{"rendered":"\n<p>Una ambulancia de la provincia de Corrientes termin\u00f3 atropellando a un caballo suelto en la Ruta nacional 12 a la altura del kil\u00f3metro 903.<\/p>\n\n\n\n<p>El siniestro ocurri\u00f3 este jueves por la ma\u00f1ana cerca de las 06:30, seg\u00fan lo informado por la Polic\u00eda.<\/p>\n\n\n\n<p>La misma fuente indic\u00f3 que en el m\u00f3vil, que pertenece al hospital de San Roque, se trasladaba un paciente &nbsp;oncol\u00f3gico hacia la capital correntina.<\/p>\n\n\n\n<p>Afortunadamente el accidente produjo solo da\u00f1o material.&nbsp;<\/p>\n","protected":false},"excerpt":{"rendered":"<p>Una ambulancia de la provincia de Corrientes termin\u00f3 atropellando a un caballo suelto en la Ruta nacional 12 a la altura del kil\u00f3metro 903. El siniestro ocurri\u00f3 este jueves por&hellip; <\/p>\n","protected":false},"author":12,"featured_media":89495,"comment_status":"closed","ping_status":"open","sticky":false,"template":"","format":"standard","meta":{"footnotes":""},"categories":[1],"tags":[],"class_list":["post-89494","post","type-post","status-publish","format-standard","has-post-thumbnail","hentry","category-informacion-general"],"_links":{"self":[{"href":"https:\/\/corrientesdetarde.com\/index.php\/wp-json\/wp\/v2\/posts\/89494","targetHints":{"allow":["GET"]}}],"collection":[{"href":"https:\/\/corrientesdetarde.com\/index.php\/wp-json\/wp\/v2\/posts"}],"about":[{"href":"https:\/\/corrientesdetarde.com\/index.php\/wp-json\/wp\/v2\/types\/post"}],"author":[{"embeddable":true,"href":"https:\/\/corrientesdetarde.com\/index.php\/wp-json\/wp\/v2\/users\/12"}],"replies":[{"embeddable":true,"href":"https:\/\/corrientesdetarde.com\/index.php\/wp-json\/wp\/v2\/comments?post=89494"}],"version-history":[{"count":1,"href":"https:\/\/corrientesdetarde.com\/index.php\/wp-json\/wp\/v2\/posts\/89494\/revisions"}],"predecessor-version":[{"id":89496,"href":"https:\/\/corrientesdetarde.com\/index.php\/wp-json\/wp\/v2\/posts\/89494\/revisions\/89496"}],"wp:featuredmedia":[{"embeddable":true,"href":"https:\/\/corrientesdetarde.com\/index.php\/wp-json\/wp\/v2\/media\/89495"}],"wp:attachment":[{"href":"https:\/\/corrientesdetarde.com\/index.php\/wp-json\/wp\/v2\/media?parent=89494"}],"wp:term":[{"taxonomy":"category","embeddable":true,"href":"https:\/\/corrientesdetarde.com\/index.php\/wp-json\/wp\/v2\/categories?post=89494"},{"taxonomy":"post_tag","embeddable":true,"href":"https:\/\/corrientesdetarde.com\/index.php\/wp-json\/wp\/v2\/tags?post=89494"}],"curies":[{"name":"wp","href":"https:\/\/api.w.org\/{rel}","templated":true}]}}