{"id":89497,"date":"2023-09-21T14:18:05","date_gmt":"2023-09-21T17:18:05","guid":{"rendered":"https:\/\/corrientesdetarde.com\/?p=89497"},"modified":"2023-09-21T14:40:09","modified_gmt":"2023-09-21T17:40:09","slug":"valdes-inauguro-pavimento-en-la-avenida-rizzuto-y-anuncio-400-metros-mas-de-obras-para-conectarla-con-armenia","status":"publish","type":"post","link":"https:\/\/corrientesdetarde.com\/index.php\/locales\/valdes-inauguro-pavimento-en-la-avenida-rizzuto-y-anuncio-400-metros-mas-de-obras-para-conectarla-con-armenia\/","title":{"rendered":"Vald\u00e9s inaugur\u00f3 pavimento en la Avenida Rizzuto, y anunci\u00f3 400 metros m\u00e1s de obras para conectarla con Armenia"},"content":{"rendered":"\n<p>Como un s\u00edmbolo m\u00e1s del compromiso continuo con el desarrollo y el progreso para todos los correntinos, el gobernador Gustavo Vald\u00e9s dej\u00f3 inaugurado este jueves 400 metros de pavimentaci\u00f3n, iluminaci\u00f3n y desag\u00fces pluviales en la Avenida Rizzuto, en las adyacencias del Centenario Shopping Mall.<\/p>\n\n\n\n<p>El acto, con el tradicional corte de cintas tuvo lugar sobre Avenida Rizzuto, entre Gegorio Pomar y F\u00e9lix de Azara y en la oportunidad, el mandatario anunci\u00f3 que la Provincia avanzar\u00e1 con otros 400 metros de obras para que la Avenida Rizzuto se conecte con Armenia, a fin de darle mayor transitabilidad a toda la zona. \u201cNunca antes hubo tanta inversi\u00f3n para darle a la ciudad Capital una reparaci\u00f3n hist\u00f3rica y la transformaci\u00f3n que se merece\u201d, consider\u00f3 en este sentido el gobernador.<\/p>\n\n\n\n<p>\u201cDesde que asumimos est\u00e1 gesti\u00f3n nos planteamos tener una visi\u00f3n de ciudad con planificaci\u00f3n\u201d, dijo el gobernador Vald\u00e9s en el marco del acto, resaltando a su vez la importancia de contar con inversiones del sector privado que permiten que esta zona pueda disponer de un moderno Centro de Convenciones.<\/p>\n\n\n\n<p>Vald\u00e9s dej\u00f3 en claro que para apuntalar el esfuerzo de quienes apuestan a invertir en Corrientes y para mejorar la calidad de vida de los vecinos de la zona,&nbsp; la Provincia se comprometi\u00f3 a realizar estas obras con una inversi\u00f3n de \u201cm\u00e1s de 180 millones de pesos traducida en desag\u00fces, pavimentaci\u00f3n e iluminaci\u00f3n\u201d.<\/p>\n\n\n\n<p>Seguidamente, el mandatario anunci\u00f3 que la Provincia desplegar\u00e1 m\u00e1s obras, es decir \u201c400 metros m\u00e1s para que la Avenida Rizzuto se conecte con Avenida Armenia\u201d, a fin de darle a la comunidad mayor transitabilidad y seguridad.<\/p>\n\n\n\n<p>A su vez, el titular del ejecutivo provincial asegur\u00f3 que las inversiones prosiguen a paso firme, poniendo como ejemplo la construcci\u00f3n del Centro de Alto Rendimiento Deportivo que estar\u00e1 ubicado en las inmediaciones del aeropuerto local, como as\u00ed tambi\u00e9n refacciones y mejoras en la Escuela de Polic\u00eda.<\/p>\n\n\n\n<p>En este rumbo, Vald\u00e9s subray\u00f3 que gracias a la articulaci\u00f3n Provincia \u2013 Municipio, \u201cnunca antes hubo tanta inversi\u00f3n por parte de para darle a la ciudad Capital una reparaci\u00f3n hist\u00f3rica y la transformaci\u00f3n que se merece\u201d.<\/p>\n\n\n\n<p>Para concluir, Vald\u00e9s puso de relieve que estas acciones son el resultado de una \u201cbuena administraci\u00f3n de los recursos que son de todos los correntinos\u201d,&nbsp; y cada peso lo \u201cinvertimos hacia el desarrollo de la ciudad, con resultados que est\u00e1n a la vista\u201d.<\/p>\n\n\n\n<p><strong>Claudio Polich<\/strong><\/p>\n\n\n\n<p>El ministro de Obras y Servicios P\u00fablicos, Claudio Polich, bajo cuya \u00f3rbita se desplegaron las tareas, &nbsp;hizo foco en lo importante que es la colaboraci\u00f3n con el Municipio en cuanto a la dotaci\u00f3n de infraestructura. \u201cEn este caso es una avenida de doble mano en un sector que era de los m\u00e1s postergados de la ciudad y donde se estaba haciendo dif\u00edcil acompa\u00f1ar la inversi\u00f3n privada que se est\u00e1 realizando en el lugar\u201d, coment\u00f3.<\/p>\n\n\n\n<p><strong>Eduardo Tassano<\/strong><\/p>\n\n\n\n<p>Por su parte, el intendente de Capital, Eduardo Tassano, se refiri\u00f3 a esta zona de la ciudad, indicando que desde el emplazamiento del shopping empez\u00f3 a cambiar considerablemente. Agreg\u00f3 que actualmente la comuna trabaja en la plaza del Hip\u00f3dromo \u201cque tiene una gran iluminaci\u00f3n, juegos para ni\u00f1os y que progresivamente est\u00e1 siendo m\u00e1s usada por los vecinos\u201d y con obras en los aleda\u00f1os barrios.<\/p>\n\n\n\n<p><strong>La obra<\/strong><\/p>\n\n\n\n<p>Con una importante inversi\u00f3n con fondos propios de la Provincia, la obra inaugurada no solo transforma la apariencia de la zona, sino que tambi\u00e9n aumenta la seguridad de todos los vecinos y mejora&nbsp; la calidad de vida de&nbsp; los que transitan por el lugar y viven en sus alrededores.<\/p>\n\n\n\n<p>La obra se extiende a lo largo de 400 metros lineales de pavimento de hormig\u00f3n, transformando la antigua calle Rizzuto en avenida.<\/p>\n\n\n\n<p>Se ubica en los alrededores del Centro de Convenciones, sobre calle Rizzuto, pr\u00f3ximos al Centenario Shopping Mall.<\/p>\n\n\n\n<p>La misma ofrece conexiones con las Avenidas, Gregorio Pomar y Armenia, siendo una obra que mejora significativamente la fluidez del tr\u00e1fico como en la infraestructura de la zona.<\/p>\n\n\n\n<p>Uno de los aspectos destacados de esta obra es el sistema de desag\u00fces implementado, que permite un mejor manejo de las aguas pluviales y reduce considerablemente el riesgo de inundaciones en la zona. Adem\u00e1s, se realiz\u00f3 la iluminaci\u00f3n de la avenida a trav\u00e9s de modernas luces led.<\/p>\n\n\n\n<p>Con La pavimentaci\u00f3n de&nbsp; la misma se logr\u00f3 una calzada de pavimento r\u00edgido en 7 metros libres con cord\u00f3n integral por cada trocha y separados por un parterre central de 3 metros. Para obtener el espacio necesario, el predio del Centro de Convenciones cedi\u00f3 10 metros.<\/p>\n\n\n\n<p>Se elimin\u00f3 las cunetas existentes de las calles, y se condujo el escurrimiento del agua por superficie de calzada por cordones hacia nuevos sumideros&nbsp; construidos sobre la Avenida Rizzuto. Estos a su vez se conectan a la red colectora a trav\u00e9s de conductos de Hormig\u00f3n Armado de 0.60m de di\u00e1metros.<\/p>\n\n\n\n<p><strong>Presencias<\/strong><\/p>\n\n\n\n<p>Participaron del acto, el vicegobernador, Pedro Braillard Poccard, el presidente de la C\u00e1mara de Diputados, Pedro Cassani, ministros, secretarios y subsecretarios del gabinete provincial, legisladores nacionales y provinciales, el viceintendente, Emilio Lanari, el presidente del Concejo Deliberante, Alfredo Vallejos, titulares de entes aut\u00e1rquicos, concejales y dem\u00e1s autoridades.<\/p>\n\n\n\n<figure class=\"wp-block-image size-large\"><img loading=\"lazy\" decoding=\"async\" width=\"1024\" height=\"683\" src=\"https:\/\/corrientesdetarde.com\/wp-content\/uploads\/2023\/09\/image-566-1024x683.png\" alt=\"\" class=\"wp-image-89511\" srcset=\"https:\/\/corrientesdetarde.com\/wp-content\/uploads\/2023\/09\/image-566-1024x683.png 1024w, https:\/\/corrientesdetarde.com\/wp-content\/uploads\/2023\/09\/image-566-300x200.png 300w, https:\/\/corrientesdetarde.com\/wp-content\/uploads\/2023\/09\/image-566-768x512.png 768w, https:\/\/corrientesdetarde.com\/wp-content\/uploads\/2023\/09\/image-566.png 1200w\" sizes=\"auto, (max-width: 1024px) 100vw, 1024px\" \/><\/figure>\n\n\n\n<figure class=\"wp-block-image size-large\"><img loading=\"lazy\" decoding=\"async\" width=\"1024\" height=\"683\" src=\"https:\/\/corrientesdetarde.com\/wp-content\/uploads\/2023\/09\/image-567-1024x683.png\" alt=\"\" class=\"wp-image-89512\" srcset=\"https:\/\/corrientesdetarde.com\/wp-content\/uploads\/2023\/09\/image-567-1024x683.png 1024w, https:\/\/corrientesdetarde.com\/wp-content\/uploads\/2023\/09\/image-567-300x200.png 300w, https:\/\/corrientesdetarde.com\/wp-content\/uploads\/2023\/09\/image-567-768x512.png 768w, https:\/\/corrientesdetarde.com\/wp-content\/uploads\/2023\/09\/image-567.png 1200w\" sizes=\"auto, (max-width: 1024px) 100vw, 1024px\" \/><\/figure>\n\n\n\n<figure class=\"wp-block-image size-large\"><img loading=\"lazy\" decoding=\"async\" width=\"1024\" height=\"683\" src=\"https:\/\/corrientesdetarde.com\/wp-content\/uploads\/2023\/09\/image-568-1024x683.png\" alt=\"\" class=\"wp-image-89513\" srcset=\"https:\/\/corrientesdetarde.com\/wp-content\/uploads\/2023\/09\/image-568-1024x683.png 1024w, https:\/\/corrientesdetarde.com\/wp-content\/uploads\/2023\/09\/image-568-300x200.png 300w, https:\/\/corrientesdetarde.com\/wp-content\/uploads\/2023\/09\/image-568-768x512.png 768w, https:\/\/corrientesdetarde.com\/wp-content\/uploads\/2023\/09\/image-568.png 1200w\" sizes=\"auto, (max-width: 1024px) 100vw, 1024px\" \/><\/figure>\n","protected":false},"excerpt":{"rendered":"<p>Como un s\u00edmbolo m\u00e1s del compromiso continuo con el desarrollo y el progreso para todos los correntinos, el gobernador Gustavo Vald\u00e9s dej\u00f3 inaugurado este jueves 400 metros de pavimentaci\u00f3n, iluminaci\u00f3n&hellip; <\/p>\n","protected":false},"author":8,"featured_media":89498,"comment_status":"closed","ping_status":"open","sticky":false,"template":"","format":"standard","meta":{"footnotes":""},"categories":[8],"tags":[],"class_list":["post-89497","post","type-post","status-publish","format-standard","has-post-thumbnail","hentry","category-locales"],"_links":{"self":[{"href":"https:\/\/corrientesdetarde.com\/index.php\/wp-json\/wp\/v2\/posts\/89497","targetHints":{"allow":["GET"]}}],"collection":[{"href":"https:\/\/corrientesdetarde.com\/index.php\/wp-json\/wp\/v2\/posts"}],"about":[{"href":"https:\/\/corrientesdetarde.com\/index.php\/wp-json\/wp\/v2\/types\/post"}],"author":[{"embeddable":true,"href":"https:\/\/corrientesdetarde.com\/index.php\/wp-json\/wp\/v2\/users\/8"}],"replies":[{"embeddable":true,"href":"https:\/\/corrientesdetarde.com\/index.php\/wp-json\/wp\/v2\/comments?post=89497"}],"version-history":[{"count":2,"href":"https:\/\/corrientesdetarde.com\/index.php\/wp-json\/wp\/v2\/posts\/89497\/revisions"}],"predecessor-version":[{"id":89515,"href":"https:\/\/corrientesdetarde.com\/index.php\/wp-json\/wp\/v2\/posts\/89497\/revisions\/89515"}],"wp:featuredmedia":[{"embeddable":true,"href":"https:\/\/corrientesdetarde.com\/index.php\/wp-json\/wp\/v2\/media\/89498"}],"wp:attachment":[{"href":"https:\/\/corrientesdetarde.com\/index.php\/wp-json\/wp\/v2\/media?parent=89497"}],"wp:term":[{"taxonomy":"category","embeddable":true,"href":"https:\/\/corrientesdetarde.com\/index.php\/wp-json\/wp\/v2\/categories?post=89497"},{"taxonomy":"post_tag","embeddable":true,"href":"https:\/\/corrientesdetarde.com\/index.php\/wp-json\/wp\/v2\/tags?post=89497"}],"curies":[{"name":"wp","href":"https:\/\/api.w.org\/{rel}","templated":true}]}}