{"id":89527,"date":"2023-09-21T15:05:23","date_gmt":"2023-09-21T18:05:23","guid":{"rendered":"https:\/\/corrientesdetarde.com\/?p=89527"},"modified":"2023-09-21T15:05:34","modified_gmt":"2023-09-21T18:05:34","slug":"patricia-bullrich-felicito-a-petri-por-el-debate-de-a-dos-voces-nuestro-candidato-no-entro-en-ese-gallinero","status":"publish","type":"post","link":"https:\/\/corrientesdetarde.com\/index.php\/politica\/patricia-bullrich-felicito-a-petri-por-el-debate-de-a-dos-voces-nuestro-candidato-no-entro-en-ese-gallinero\/","title":{"rendered":"Patricia Bullrich felicit\u00f3 a Petri por el debate de A Dos Voces: \u201cNuestro candidato no entr\u00f3 en ese gallinero\u201d"},"content":{"rendered":"\n<p>Los cinco candidatos a vice debatieron este mi\u00e9rcoles y llevaron a los estudios de el libreto de campa\u00f1a con el que planean llegar al balotaje junto a sus compa\u00f1eros de f\u00f3rmula en octubre.<\/p>\n\n\n\n<p>Patricia Bullrich habl\u00f3 del debate de A Dos Voces: \u201cLo felicit\u00e9 a Luis Petri\u201d. (Foto: Reuters)<\/p>\n\n\n\n<p>La candidata a presidenta por Juntos por el Cambio (JxC),\u00a0<strong>Patricia Bullrich<\/strong>, se refiri\u00f3 al debate de los candidatos a vice a A Dos Voces<em>.\u00a0<\/em>\u201c<strong>Luis Petri no insult\u00f3, no entr\u00f3 en el griter\u00edo.\u00a0<\/strong>Lo felicit\u00e9 anoche por su desempe\u00f1o y<strong>\u00a0lo felicito ahora p\u00fablicamente<\/strong>\u201d,expres\u00f3 la exministra de Seguridad.<\/p>\n\n\n\n<p>El radical Petri ratific\u00f3 desde el inicio la idea base de la\u00a0<strong>estrategia de JxC<\/strong>\u00a0para la campa\u00f1a rumbo a octubre: \u201cEl\u00a0<strong>enemigo es el kirchnerismo\u00a0<\/strong>y la que puede terminar con esto es la coalici\u00f3n opositora que tiene los equipos y la experiencia.\u00a0<strong>Con orden, no con un salto vac\u00edo\u201d<\/strong>, enfatiz\u00f3 el compa\u00f1ero de f\u00f3rmula de Bullrich en una clara alusi\u00f3n a\u00a0<strong>Javier Milei<\/strong>.<\/p>\n\n\n\n<p>Durante el debate, el bloque de las preguntas dej\u00f3 en evidencia las estrategias de los candidatos:&nbsp;<strong>Victoria<\/strong>&nbsp;<strong>Villarruel<\/strong>, compa\u00f1era de f\u00f3rmula de Javier Milei, le pregunt\u00f3 al actual jefe de Gabinete y candidato de Uni\u00f3n por la Patria,<strong>&nbsp;Agust\u00edn Rossi<\/strong>, por su paso como ministro de Defensa del kirchnerismo. Por su parte,&nbsp;<strong>Petri lo eligi\u00f3 a Rossi<\/strong>&nbsp;y lo cuestion\u00f3 por la falta de respuesta de su Gobierno frente al narcotr\u00e1fico.<\/p>\n\n\n\n<figure class=\"wp-block-image\"><img decoding=\"async\" src=\"https:\/\/tn.com.ar\/resizer\/dbon89yGBI7dkZnwX9UG3-iAG3M=\/767x0\/smart\/filters:format(webp)\/cloudfront-us-east-1.images.arcpublishing.com\/artear\/OQH75FMIFZCR5JFIDTUZSHHI2I.JPG\" alt=\"Victoria Villarruel, Luis Petri, Agust\u00edn Rossi, Florencio Randazzo y Nicol\u00e1s del Ca\u00f1o, en A dos Voces, en los estudios de TN. (Foto: Agustina Rib\u00f3 \/ VideoLab)\"\/><\/figure>\n\n\n\n<p>\u201cGenio Petri.&nbsp;<strong>La gente lo escuch\u00f3.<\/strong>&nbsp;Es una persona muy s\u00f3lida, yo lo vi bien. Los dem\u00e1s hablaban todos juntos y no se entend\u00eda nada. Eso m\u00e1s que un debateparec\u00eda un gallinero, por eso estoy orgullosa.&nbsp;<strong>Nuestro candidato no entr\u00f3 en ese gallinero.<\/strong>&nbsp;Todos dicen que gan\u00f3 el debate\u201d, sostuvo Bullrich.<\/p>\n\n\n\n<h2 class=\"wp-block-heading\">Qui\u00e9n gan\u00f3 el debate de candidatos a vicepresidente, seg\u00fan la encuesta de A Dos Voces<\/h2>\n\n\n\n<p>M\u00e1s de\u00a0<strong>420.000 espectadores\u00a0<\/strong>participaron de la votaci\u00f3n que se llev\u00f3 a cabo durante toda la emisi\u00f3n del debate a trav\u00e9s de las plataformas digitales.<\/p>\n\n\n\n<p>Al cierre de la emisi\u00f3n, la encuesta dio como ganadora a\u00a0<strong>Victoria Villarruel<\/strong>, candidata de La Libertad Avanza, con m\u00e1s del 48%. La siguieron\u00a0<strong>Luis Petri<\/strong>, de Juntos por el Cambio con el 27% y\u00a0<strong>Agust\u00edn Rossi,\u00a0<\/strong>de Uni\u00f3n por la Patria con el 18%. Un 4 % vot\u00f3 a\u00a0<strong>Florencio Randazzo<\/strong>, de Hacemos por Nuestro Pa\u00eds, y un 3% a\u00a0<strong>Nicol\u00e1s del Ca\u00f1o<\/strong>, candidato del Frente de Izquierda.<\/p>\n","protected":false},"excerpt":{"rendered":"<p>Los cinco candidatos a vice debatieron este mi\u00e9rcoles y llevaron a los estudios de el libreto de campa\u00f1a con el que planean llegar al balotaje junto a sus compa\u00f1eros de&hellip; <\/p>\n","protected":false},"author":8,"featured_media":89528,"comment_status":"closed","ping_status":"open","sticky":false,"template":"","format":"standard","meta":{"footnotes":""},"categories":[3],"tags":[],"class_list":["post-89527","post","type-post","status-publish","format-standard","has-post-thumbnail","hentry","category-politica"],"_links":{"self":[{"href":"https:\/\/corrientesdetarde.com\/index.php\/wp-json\/wp\/v2\/posts\/89527","targetHints":{"allow":["GET"]}}],"collection":[{"href":"https:\/\/corrientesdetarde.com\/index.php\/wp-json\/wp\/v2\/posts"}],"about":[{"href":"https:\/\/corrientesdetarde.com\/index.php\/wp-json\/wp\/v2\/types\/post"}],"author":[{"embeddable":true,"href":"https:\/\/corrientesdetarde.com\/index.php\/wp-json\/wp\/v2\/users\/8"}],"replies":[{"embeddable":true,"href":"https:\/\/corrientesdetarde.com\/index.php\/wp-json\/wp\/v2\/comments?post=89527"}],"version-history":[{"count":1,"href":"https:\/\/corrientesdetarde.com\/index.php\/wp-json\/wp\/v2\/posts\/89527\/revisions"}],"predecessor-version":[{"id":89529,"href":"https:\/\/corrientesdetarde.com\/index.php\/wp-json\/wp\/v2\/posts\/89527\/revisions\/89529"}],"wp:featuredmedia":[{"embeddable":true,"href":"https:\/\/corrientesdetarde.com\/index.php\/wp-json\/wp\/v2\/media\/89528"}],"wp:attachment":[{"href":"https:\/\/corrientesdetarde.com\/index.php\/wp-json\/wp\/v2\/media?parent=89527"}],"wp:term":[{"taxonomy":"category","embeddable":true,"href":"https:\/\/corrientesdetarde.com\/index.php\/wp-json\/wp\/v2\/categories?post=89527"},{"taxonomy":"post_tag","embeddable":true,"href":"https:\/\/corrientesdetarde.com\/index.php\/wp-json\/wp\/v2\/tags?post=89527"}],"curies":[{"name":"wp","href":"https:\/\/api.w.org\/{rel}","templated":true}]}}