{"id":89538,"date":"2023-09-21T15:23:51","date_gmt":"2023-09-21T18:23:51","guid":{"rendered":"https:\/\/corrientesdetarde.com\/?p=89538"},"modified":"2023-09-21T15:23:56","modified_gmt":"2023-09-21T18:23:56","slug":"la-dpec-realizara-este-viernes-trabajos-de-mejoras-en-capital-y-el-interior","status":"publish","type":"post","link":"https:\/\/corrientesdetarde.com\/index.php\/informacion-general\/la-dpec-realizara-este-viernes-trabajos-de-mejoras-en-capital-y-el-interior\/","title":{"rendered":"La DPEC realizar\u00e1 este viernes trabajos de mejoras en Capital y el interior"},"content":{"rendered":"\n<p>La Direcci\u00f3n Provincial de Energ\u00eda de Corrientes (DPEC) informa que con motivo de realizar mejoras en el servicio, se ejecutar\u00e1n tareas de&nbsp;mantenimiento de L\u00edneas de Media Tensi\u00f3n (LMT), por lo cual se interrumpir\u00e1 el suministro de energ\u00eda el\u00e9ctrica en la ciudad&nbsp;Capital para este viernes 22 a las&nbsp;8&nbsp;a 9 en la zona de&nbsp;Ca\u00f1ada Quir\u00f3z, Unidad Penal N\u00ba 1 y N\u00ba 6, y zonas de influencia.<\/p>\n\n\n\n<p>&#8212;&#8212;&#8212;&#8212;&#8212;&#8212;&#8212;&#8212;&#8212;&#8212;&#8212;&#8212;-<\/p>\n\n\n\n<p>La Direcci\u00f3n Provincial de Energ\u00eda de Corrientes (DPEC) informa que con motivo de realizar mejoras en el servicio, se ejecutar\u00e1n tareas de colocaci\u00f3n de postes de Media Tensi\u00f3n, por lo cual se interrumpir\u00e1 el suministro de energ\u00eda el\u00e9ctrica en la localidad de&nbsp;Ituzaing\u00f3 para este viernes 22 de 7&nbsp;a 10 en los barrios&nbsp;Santa Rita,&nbsp;Arenera, Chacra 7 y Paran\u00e1 y para las&nbsp;13&nbsp;a 15 en las zonas de&nbsp;Barrios G2, 51 Viviendas, Don Tom\u00e1s, Iber\u00e1, zona del Peaje Ituzaing\u00f3.<\/p>\n\n\n\n<p>&#8212;&#8212;&#8212;&#8212;&#8212;&#8212;&#8212;&#8212;&#8212;&#8212;&#8212;&#8212;-<\/p>\n\n\n\n<p>La Direcci\u00f3n Provincial de Energ\u00eda de Corrientes (DPEC) informa que con motivo de realizar mejoras en el servicio, se ejecutar\u00e1n tareas de mantenimiento de L\u00edneas de Media Tensi\u00f3n (LMT), por lo cual se interrumpir\u00e1 el suministro de energ\u00eda el\u00e9ctrica en la localidad de&nbsp;Mocoret\u00e1 para las 7&nbsp;hasta las 08:30 y en las zonas de la avenida Italia, Colectora Sur, Av. Espa\u00f1a y barrios de Invico.<\/p>\n\n\n\n<p>&#8212;&#8212;&#8212;&#8212;&#8212;&#8212;&#8212;&#8212;&#8212;&#8212;&#8212;&#8211;<\/p>\n\n\n\n<p>La Direcci\u00f3n Provincial de Energ\u00eda de Corrientes (DPEC) informa que con motivo de realizar mejoras en el servicio, se ejecutar\u00e1n tareas de tendido de Nexo de Media Tensi\u00f3n, por lo cual se interrumpir\u00e1 el suministro de energ\u00eda el\u00e9ctrica en la localidad de&nbsp;Curuz\u00fa Cuati\u00e1 de&nbsp;8&nbsp;a 12 en la zona de&nbsp;B\u00b0 Yagu\u00e1 Rinc\u00f3n, B\u00b0 Sarmiento, B\u00b0 100 Viviendas, Sarmiento al Norte, Parajes Vaca Cu\u00e1 y Sarand\u00ed.<\/p>\n\n\n\n<p>&#8212;&#8212;&#8212;&#8212;&#8212;&#8212;&#8212;&#8212;&#8212;&#8212;&#8212;&#8211;<\/p>\n\n\n\n<p>La Direcci\u00f3n Provincial de Energ\u00eda de Corrientes (DPEC) informa que con motivo de realizar mejoras en el servicio, se ejecutar\u00e1n tareas de mantenimiento de L\u00edneas de Media Tensi\u00f3n (LMT), por lo cual se interrumpir\u00e1 el suministro de energ\u00eda el\u00e9ctrica en las localidades de&nbsp;GARRUCHOS, GARAB\u00cd para este viernes de&nbsp;7&nbsp;a 12.<\/p>\n\n\n\n<p>&#8212;&#8212;&#8212;&#8212;&#8212;&#8212;&#8212;&#8212;&#8212;&#8212;&#8212;&#8212;<\/p>\n\n\n\n<p>La Direcci\u00f3n Provincial de Energ\u00eda de Corrientes (DPEC) informa que con motivo de realizar mejoras en el servicio, se ejecutar\u00e1n tareas de colocaci\u00f3n de un nuevo Nexo de Alimentaci\u00f3n para la zona, por lo cual se interrumpir\u00e1 el suministro de energ\u00eda el\u00e9ctrica en la localidad de&nbsp;Santa Ana desde las 8&nbsp;a 12 en la zona del Club&nbsp;de Campo Don Manuel, Los Azahares, Aranduroga, Av\u00edcola Santa Ana, Parque Azul, B\u00b0 Mari\u00f1o, B\u00b0 Luque, B\u00b0 Tierra Hermosa, B\u00b0 Arandu 1 y 2, B\u00b0 Leconte, B\u00b0 Lomas, B\u00b0 Santa Barbara, B\u00b0 \u00d1and\u00e9 y zonas de influencia.<\/p>\n","protected":false},"excerpt":{"rendered":"<p>La Direcci\u00f3n Provincial de Energ\u00eda de Corrientes (DPEC) informa que con motivo de realizar mejoras en el servicio, se ejecutar\u00e1n tareas de&nbsp;mantenimiento de L\u00edneas de Media Tensi\u00f3n (LMT), por lo&hellip; <\/p>\n","protected":false},"author":8,"featured_media":89539,"comment_status":"closed","ping_status":"open","sticky":false,"template":"","format":"standard","meta":{"footnotes":""},"categories":[1],"tags":[],"class_list":["post-89538","post","type-post","status-publish","format-standard","has-post-thumbnail","hentry","category-informacion-general"],"_links":{"self":[{"href":"https:\/\/corrientesdetarde.com\/index.php\/wp-json\/wp\/v2\/posts\/89538","targetHints":{"allow":["GET"]}}],"collection":[{"href":"https:\/\/corrientesdetarde.com\/index.php\/wp-json\/wp\/v2\/posts"}],"about":[{"href":"https:\/\/corrientesdetarde.com\/index.php\/wp-json\/wp\/v2\/types\/post"}],"author":[{"embeddable":true,"href":"https:\/\/corrientesdetarde.com\/index.php\/wp-json\/wp\/v2\/users\/8"}],"replies":[{"embeddable":true,"href":"https:\/\/corrientesdetarde.com\/index.php\/wp-json\/wp\/v2\/comments?post=89538"}],"version-history":[{"count":1,"href":"https:\/\/corrientesdetarde.com\/index.php\/wp-json\/wp\/v2\/posts\/89538\/revisions"}],"predecessor-version":[{"id":89540,"href":"https:\/\/corrientesdetarde.com\/index.php\/wp-json\/wp\/v2\/posts\/89538\/revisions\/89540"}],"wp:featuredmedia":[{"embeddable":true,"href":"https:\/\/corrientesdetarde.com\/index.php\/wp-json\/wp\/v2\/media\/89539"}],"wp:attachment":[{"href":"https:\/\/corrientesdetarde.com\/index.php\/wp-json\/wp\/v2\/media?parent=89538"}],"wp:term":[{"taxonomy":"category","embeddable":true,"href":"https:\/\/corrientesdetarde.com\/index.php\/wp-json\/wp\/v2\/categories?post=89538"},{"taxonomy":"post_tag","embeddable":true,"href":"https:\/\/corrientesdetarde.com\/index.php\/wp-json\/wp\/v2\/tags?post=89538"}],"curies":[{"name":"wp","href":"https:\/\/api.w.org\/{rel}","templated":true}]}}