{"id":8961,"date":"2022-10-05T22:44:17","date_gmt":"2022-10-06T01:44:17","guid":{"rendered":"https:\/\/corrientesdetarde.com\/?p=8961"},"modified":"2022-10-05T22:44:21","modified_gmt":"2022-10-06T01:44:21","slug":"rayos-laser-llega-al-nea-para-presentar-su-nuevo-disco","status":"publish","type":"post","link":"https:\/\/corrientesdetarde.com\/index.php\/cultura\/rayos-laser-llega-al-nea-para-presentar-su-nuevo-disco\/","title":{"rendered":"Rayos Laser llega al NEA para presentar su nuevo disco"},"content":{"rendered":"\n<p>El tr\u00edo cordob\u00e9s llega al Centro Cultural Alternativo (Cecual) el s\u00e1bado 8 de octubre a las 21 horas para dar su \u00fanico show en el NEA en el marco de su gira &#8220;La distancia tour&#8221;. Las entradas est\u00e1n a la venta en alpogo.com<\/p>\n\n\n\n<p>Rayos Laser nace en el a\u00f1o 2011 en Villa Mar\u00eda, C\u00f3rdoba, Argentina. Con el lanzamiento de su primer material en 2012 se convirti\u00f3 en un nombre recurrente en Festivales y conciertos a lo largo y ancho del pa\u00eds. Con varios discos, singles y nominaciones (Latin Grammy, MTV EMA, Gardel) Rayos Laser es una banda clave para entender la m\u00fasica pop de la escena Argentina y Latinoamericana actual.<\/p>\n\n\n\n<p>La banda formada por Tom\u00e1s Ferrero, C\u00e9sar Seppey y Gustavo &#8220;Gringo&#8221; Rodriguez lanz\u00f3 en agosto su quinto \u00e1lbum llamado &#8220;La Distancia&#8221;. Un disco en donde las guitarras el\u00e9ctricas son las protagonistas indiscutidas y vuelve a destacarse la capacidad compositiva de Ferrero con letras que indagan en lo profundo del oyente. En las 8 canciones que componen &#8220;La Distancia&#8221;, como siempre lo hizo con sus discos, Rayos Laser sigue generando ese im\u00e1n para el o\u00eddo y el esp\u00edritu que hace que sus canciones se vuelvan adictivas y dif\u00edciles de dejar de escuchar.<\/p>\n\n\n\n<p>Rayos Laser cuenta que &#8220;Este \u00e1lbum es lo que somos hoy, es nuestra conexi\u00f3n con las personas que parecer\u00edan estar lejos y tambi\u00e9n nosotros mismos cuando empezamos este viaje hace 10 a\u00f1os.&#8221; Resaltan tambi\u00e9n la energ\u00eda nost\u00e1lgica con la cual se cre\u00f3 el disco cuando resaltan que: &#8220;La Distancia es un homenaje a todo lo que alguna vez nos ha atravesado, es una forma de agradecer haber llegado a este momento y compartirlo con ustedes.&#8221;<\/p>\n\n\n\n<p>El tr\u00edo inicio en septiembre &#8220;La Distancia Tour&#8221;. Una gira de conciertos que los llev\u00f3 por Mendoza, San Juan, San Luis, Rosario, Montevideo y llegando este s\u00e1bado 8 de octubre a Resistencia para dar su \u00fanico recital en la regi\u00f3n NEA. La banda tendr\u00e1 su punto m\u00e1s alto de la gira el 14 de octubre cuando se presente en m\u00edtico Niceto Club en Capital Federal. Adem\u00e1s restan confirmar fechas en M\u00e9xico, Per\u00fa y Chile.<\/p>\n\n\n\n<p>Las entradas para el show del s\u00e1bado 8 de octubre en el Centro Cultural Alternativo en Resistencia, se pueden adquirir online a trav\u00e9s de alpogo.com o en los puntos de venta de: Que sea rock (Pellegrini 1501) en Corrientes y en boleter\u00eda del Cecual (Sta. Mar\u00eda de Oro 471) en Resistencia.<\/p>\n\n\n\n<p>Link de venta:<\/p>\n\n\n\n<p><a href=\"https:\/\/alpogo.com\/evento\/rayos-laser-en-resistencia-8281\">https:\/\/alpogo.com\/evento\/rayos-laser-en-resistencia-8281<\/a><\/p>\n","protected":false},"excerpt":{"rendered":"<p>El tr\u00edo cordob\u00e9s llega al Centro Cultural Alternativo (Cecual) el s\u00e1bado 8 de octubre a las 21 horas para dar su \u00fanico show en el NEA en el marco de&hellip; <\/p>\n","protected":false},"author":1,"featured_media":8962,"comment_status":"closed","ping_status":"open","sticky":false,"template":"","format":"standard","meta":{"footnotes":""},"categories":[15],"tags":[],"class_list":["post-8961","post","type-post","status-publish","format-standard","has-post-thumbnail","hentry","category-cultura"],"_links":{"self":[{"href":"https:\/\/corrientesdetarde.com\/index.php\/wp-json\/wp\/v2\/posts\/8961","targetHints":{"allow":["GET"]}}],"collection":[{"href":"https:\/\/corrientesdetarde.com\/index.php\/wp-json\/wp\/v2\/posts"}],"about":[{"href":"https:\/\/corrientesdetarde.com\/index.php\/wp-json\/wp\/v2\/types\/post"}],"author":[{"embeddable":true,"href":"https:\/\/corrientesdetarde.com\/index.php\/wp-json\/wp\/v2\/users\/1"}],"replies":[{"embeddable":true,"href":"https:\/\/corrientesdetarde.com\/index.php\/wp-json\/wp\/v2\/comments?post=8961"}],"version-history":[{"count":1,"href":"https:\/\/corrientesdetarde.com\/index.php\/wp-json\/wp\/v2\/posts\/8961\/revisions"}],"predecessor-version":[{"id":8963,"href":"https:\/\/corrientesdetarde.com\/index.php\/wp-json\/wp\/v2\/posts\/8961\/revisions\/8963"}],"wp:featuredmedia":[{"embeddable":true,"href":"https:\/\/corrientesdetarde.com\/index.php\/wp-json\/wp\/v2\/media\/8962"}],"wp:attachment":[{"href":"https:\/\/corrientesdetarde.com\/index.php\/wp-json\/wp\/v2\/media?parent=8961"}],"wp:term":[{"taxonomy":"category","embeddable":true,"href":"https:\/\/corrientesdetarde.com\/index.php\/wp-json\/wp\/v2\/categories?post=8961"},{"taxonomy":"post_tag","embeddable":true,"href":"https:\/\/corrientesdetarde.com\/index.php\/wp-json\/wp\/v2\/tags?post=8961"}],"curies":[{"name":"wp","href":"https:\/\/api.w.org\/{rel}","templated":true}]}}