{"id":89706,"date":"2023-09-22T08:31:08","date_gmt":"2023-09-22T11:31:08","guid":{"rendered":"https:\/\/corrientesdetarde.com\/?p=89706"},"modified":"2023-09-22T08:31:20","modified_gmt":"2023-09-22T11:31:20","slug":"se-procedera-a-quitar-cableado-en-desuso","status":"publish","type":"post","link":"https:\/\/corrientesdetarde.com\/index.php\/sociales\/se-procedera-a-quitar-cableado-en-desuso\/","title":{"rendered":"Se proceder\u00e1 a quitar cableado en desuso"},"content":{"rendered":"\n<p>En sesi\u00f3n &#8220;expr\u00e9s&#8221;, el Concejo Deliberante de la Ciudad de Corrientes aprob\u00f3 ayer una ordenanza que establece el programa &#8220;Cielo Limpio&#8221;, cuyo objetivo central es &#8220;desmontar&#8221; el cableado a\u00e9reo y tendido el\u00e9ctrico en desuso, fuera de servicio u obsoleto en la ciudad, como as\u00ed tambi\u00e9n reducir la contaminaci\u00f3n visual.<\/p>\n\n\n\n<p>Seg\u00fan lo contenido en esa normativa, los trabajos de quita del material en desuso deber\u00e1n ser realizados por las empresas de telecomunicaciones (p\u00fablicas o privadas), sectores gubernamentales, propietarios, titulares, permisionarios, responsables o concesionarios del cableado a retirar, debiendo estos cubrir todos los costos que conlleve dicho trabajo.<\/p>\n\n\n\n<p>De igual modo, el HCD dio el visto bueno a la iniciativa que fija el R\u00e9gimen de regularizaci\u00f3n y adecuaci\u00f3n de club de campo-complejo recreativo residencial, presentado por el Departamento Ejecutivo Municipal (DEM).<\/p>\n\n\n\n<p>En la ocasi\u00f3n tom\u00f3 estado parlamentario (y pas\u00f3 a la comisi\u00f3n de Cultura) un proyecto de ordenanza para otorgar el t\u00edtulo de Ciudadano Ilustre a Elsa Elena &#8220;Chela&#8221; G\u00f3mez Morilla, multipremiada artista pl\u00e1stica, profesora de Pintura e Historia del Arte, formadora de noveles artistas, difusora incansable del arte.<\/p>\n\n\n\n<p>Adem\u00e1s, el cuerpo deliberativo decidi\u00f3 otorgar el t\u00edtulo honor\u00edfico de M\u00e9rito al Ciudadano al periodista Juan Aguirre por su contribuci\u00f3n al arte, la cultura y la historia de la ciudad, a trav\u00e9s de su documental &#8220;Dos mochilas. Historias de combatientes&#8221;.<\/p>\n\n\n\n<h2 class=\"wp-block-heading\">Reuni\u00f3n preparatoria en la Escuela de Arte<\/h2>\n\n\n\n<p>Hoy, a las 10, en la Escuela de Arte Municipal, ubicada en avenida Domingo Sarmiento 2145, tendr\u00e1 lugar la reuni\u00f3n preparatoria para la segunda sesi\u00f3n itinerante del HCD del per\u00edodo 2023.<\/p>\n\n\n\n<p>All\u00ed, los vecinos del barrio ex Aero Club y aleda\u00f1os, tendr\u00e1n la oportunidad de dialogar con los ediles sobre las principales problem\u00e1ticas de esta zona de la capital. El segundo plenario extramuros, se har\u00e1 all\u00ed el 28 de septiembre.<\/p>\n","protected":false},"excerpt":{"rendered":"<p>En sesi\u00f3n &#8220;expr\u00e9s&#8221;, el Concejo Deliberante de la Ciudad de Corrientes aprob\u00f3 ayer una ordenanza que establece el programa &#8220;Cielo Limpio&#8221;, cuyo objetivo central es &#8220;desmontar&#8221; el cableado a\u00e9reo y&hellip; <\/p>\n","protected":false},"author":1,"featured_media":89715,"comment_status":"closed","ping_status":"open","sticky":false,"template":"","format":"standard","meta":{"footnotes":""},"categories":[17],"tags":[],"class_list":["post-89706","post","type-post","status-publish","format-standard","has-post-thumbnail","hentry","category-sociales"],"_links":{"self":[{"href":"https:\/\/corrientesdetarde.com\/index.php\/wp-json\/wp\/v2\/posts\/89706","targetHints":{"allow":["GET"]}}],"collection":[{"href":"https:\/\/corrientesdetarde.com\/index.php\/wp-json\/wp\/v2\/posts"}],"about":[{"href":"https:\/\/corrientesdetarde.com\/index.php\/wp-json\/wp\/v2\/types\/post"}],"author":[{"embeddable":true,"href":"https:\/\/corrientesdetarde.com\/index.php\/wp-json\/wp\/v2\/users\/1"}],"replies":[{"embeddable":true,"href":"https:\/\/corrientesdetarde.com\/index.php\/wp-json\/wp\/v2\/comments?post=89706"}],"version-history":[{"count":1,"href":"https:\/\/corrientesdetarde.com\/index.php\/wp-json\/wp\/v2\/posts\/89706\/revisions"}],"predecessor-version":[{"id":89716,"href":"https:\/\/corrientesdetarde.com\/index.php\/wp-json\/wp\/v2\/posts\/89706\/revisions\/89716"}],"wp:featuredmedia":[{"embeddable":true,"href":"https:\/\/corrientesdetarde.com\/index.php\/wp-json\/wp\/v2\/media\/89715"}],"wp:attachment":[{"href":"https:\/\/corrientesdetarde.com\/index.php\/wp-json\/wp\/v2\/media?parent=89706"}],"wp:term":[{"taxonomy":"category","embeddable":true,"href":"https:\/\/corrientesdetarde.com\/index.php\/wp-json\/wp\/v2\/categories?post=89706"},{"taxonomy":"post_tag","embeddable":true,"href":"https:\/\/corrientesdetarde.com\/index.php\/wp-json\/wp\/v2\/tags?post=89706"}],"curies":[{"name":"wp","href":"https:\/\/api.w.org\/{rel}","templated":true}]}}