{"id":89707,"date":"2023-09-22T08:26:06","date_gmt":"2023-09-22T11:26:06","guid":{"rendered":"https:\/\/corrientesdetarde.com\/?p=89707"},"modified":"2023-09-22T08:26:17","modified_gmt":"2023-09-22T11:26:17","slug":"desde-cuando-los-bancos-acreditan-el-reintegro-del-regreso-del-iva","status":"publish","type":"post","link":"https:\/\/corrientesdetarde.com\/index.php\/economia\/desde-cuando-los-bancos-acreditan-el-reintegro-del-regreso-del-iva\/","title":{"rendered":"desde cu\u00e1ndo los bancos acreditan el reintegro del regreso del iva"},"content":{"rendered":"\n<p>Tras el debut del reintegro del 21% de las compras en supermercados, almacenes y otros comercios a los bolsillos de los consumidores, este viernes 22 de septiembre se comenzar\u00e1 a impactar la devoluci\u00f3n en las cuentas bancarias. As\u00ed lo precisaron desde el sector: &#8220;Las devoluciones de IVA se van a comenzar a acreditar a partir de este viernes&#8221;. Sin embargo, algunas entidades prefirieron no definir un d\u00eda concreto.<\/p>\n\n\n\n<p>Fuentes oficiales confirmaron que ya fueron enviados los listados con los datos de la CUIT de los beneficiarios a bancos y entidades procesadoras para que puedan relacionar las cuentas bancarias con las claves y la titularidad de billeteras virtuales adheridas.<\/p>\n\n\n\n<p>De esta manera, estar\u00edan en condiciones de comenzar a recibir el beneficio en las cuentas, m\u00e1s de 21 millones de beneficiarios.<\/p>\n\n\n\n<p>La iniciativa oficial sum\u00f3 a los empleados en relaci\u00f3n de dependencia, con salarios inferiores a los $708.000 y a los monotributistas a un beneficio que ya recib\u00edan los jubilados y beneficiarios de planes sociales.<\/p>\n\n\n\n<p>El programa comenz\u00f3 el lunes18 de septiembre pero faltaba aceitar el proceso mediante el cual las entidades financieras pod\u00edan acreditar el dinero en la cuenta. Para eso necesitaban que la AFIP les facilitara los listados con los beneficiarios del programa.<\/p>\n\n\n\n<p>Desde el organismo impositivo confirmaron que las mismas ya han sido entregadas.<\/p>\n\n\n\n<p><strong>Billeteras virtuales<\/strong><\/p>\n\n\n\n<p>Mientras tanto, se aguarda la confirmaci\u00f3n de las billeteras virtuales para la aplicaci\u00f3n del beneficio con el dinero en cuenta. Estas sirven para obtener el beneficio pero solo cuando se paga a trav\u00e9s de un QR con la tarjeta de d\u00e9bito asociada.<\/p>\n\n\n\n<p>El titular de la AFIP, Carlos Castagneto, afirm\u00f3 en declaraciones televisivas que &#8220;se est\u00e1 negociando para poder, en estos d\u00edas o en un futuro, usar la tarjeta virtual tambi\u00e9n&#8221;. Adem\u00e1s, el funcionario asegur\u00f3 que &#8220;se est\u00e1 trabajando para incorporar otros medios de pago y tarjetas prepagas&#8221;.<\/p>\n\n\n\n<p>Por lo pronto, el \u00fanico medio de pago aceptado es la tarjeta de d\u00e9bito y exclusivamente asociada a los bancos. A su vez, la AFIP est\u00e1 incorporando los CUIT de los beneficiarios de manera progresiva. Es por eso que gran parte de los compradores no se ve\u00eda en la n\u00f3mina de sujetos alcanzados por la medida que ofrece la p\u00e1gina del organismo para corroborar el alcance, situaci\u00f3n que &#8220;se est\u00e1 acomodando&#8221;, aclaran en el Gobierno.<\/p>\n\n\n\n<p>En ese contexto, son varias las billeteras virtuales que fueron comunicando la adhesi\u00f3n al beneficio. Es el caso de la plataforma Mercado Pago, que comunic\u00f3 que se integrar\u00e1 al programa &#8220;Compre sin IVA&#8221; a trav\u00e9s de las tarjetas de d\u00e9bito, c\u00f3digos QR o los dispositivos de cobro de la aplicaci\u00f3n.<\/p>\n\n\n\n<p>Lo propio hizo Cuenta DNI, del Banco Provincia: &#8220;La acreditaci\u00f3n del reintegro en las cuentas de las personas beneficiarias se realizar\u00e1 de acuerdo a lo que establezca la AFIP como organismo de aplicaci\u00f3n&#8221;, destacaron desde la entidad financiera. Tambi\u00e9n se sum\u00f3 la billetera virtual MODO a la operatoria.<\/p>\n","protected":false},"excerpt":{"rendered":"<p>Tras el debut del reintegro del 21% de las compras en supermercados, almacenes y otros comercios a los bolsillos de los consumidores, este viernes 22 de septiembre se comenzar\u00e1 a&hellip; <\/p>\n","protected":false},"author":1,"featured_media":89713,"comment_status":"closed","ping_status":"open","sticky":false,"template":"","format":"standard","meta":{"footnotes":""},"categories":[20],"tags":[],"class_list":["post-89707","post","type-post","status-publish","format-standard","has-post-thumbnail","hentry","category-economia"],"_links":{"self":[{"href":"https:\/\/corrientesdetarde.com\/index.php\/wp-json\/wp\/v2\/posts\/89707","targetHints":{"allow":["GET"]}}],"collection":[{"href":"https:\/\/corrientesdetarde.com\/index.php\/wp-json\/wp\/v2\/posts"}],"about":[{"href":"https:\/\/corrientesdetarde.com\/index.php\/wp-json\/wp\/v2\/types\/post"}],"author":[{"embeddable":true,"href":"https:\/\/corrientesdetarde.com\/index.php\/wp-json\/wp\/v2\/users\/1"}],"replies":[{"embeddable":true,"href":"https:\/\/corrientesdetarde.com\/index.php\/wp-json\/wp\/v2\/comments?post=89707"}],"version-history":[{"count":1,"href":"https:\/\/corrientesdetarde.com\/index.php\/wp-json\/wp\/v2\/posts\/89707\/revisions"}],"predecessor-version":[{"id":89714,"href":"https:\/\/corrientesdetarde.com\/index.php\/wp-json\/wp\/v2\/posts\/89707\/revisions\/89714"}],"wp:featuredmedia":[{"embeddable":true,"href":"https:\/\/corrientesdetarde.com\/index.php\/wp-json\/wp\/v2\/media\/89713"}],"wp:attachment":[{"href":"https:\/\/corrientesdetarde.com\/index.php\/wp-json\/wp\/v2\/media?parent=89707"}],"wp:term":[{"taxonomy":"category","embeddable":true,"href":"https:\/\/corrientesdetarde.com\/index.php\/wp-json\/wp\/v2\/categories?post=89707"},{"taxonomy":"post_tag","embeddable":true,"href":"https:\/\/corrientesdetarde.com\/index.php\/wp-json\/wp\/v2\/tags?post=89707"}],"curies":[{"name":"wp","href":"https:\/\/api.w.org\/{rel}","templated":true}]}}