{"id":89717,"date":"2023-09-22T09:51:58","date_gmt":"2023-09-22T12:51:58","guid":{"rendered":"https:\/\/corrientesdetarde.com\/?p=89717"},"modified":"2023-09-22T09:52:10","modified_gmt":"2023-09-22T12:52:10","slug":"caso-chirino-ordenaron-detener-a-siete-militares","status":"publish","type":"post","link":"https:\/\/corrientesdetarde.com\/index.php\/crimen-y-justicia\/caso-chirino-ordenaron-detener-a-siete-militares\/","title":{"rendered":"Caso Chirino: ordenaron detener a siete militares"},"content":{"rendered":"\n<p>A 15 meses del crimen del subteniente Mat\u00edas Ezequiel Chirino, en el marco de un &#8220;bautismo de iniciaci\u00f3n&#8221; ocurrido la madrugada del 19 de junio de 2022 en el Regimiento del Grupo de Artiller\u00eda de Monte 3 de la ciudad de Paso de los Libres, la C\u00e1mara Federal de Corrientes resolvi\u00f3 el mi\u00e9rcoles ordenar la detenci\u00f3n de los siete militares se\u00f1alados por los testigos y las otras dos v\u00edctimas sobrevivientes, de ser los responsables de los abusos que terminaron con la vida del joven subteniente del Ej\u00e9rcito Argentino, de tan solo 22 a\u00f1os. Hay otros dos soldados involucrados como part\u00edcipes secundarios, quienes est\u00e1n procesados pero continuar\u00e1n en libertad.<\/p>\n\n\n\n<p>Se trata de los capitanes Rub\u00e9n Dar\u00edo Ruiz (35), Claudio Andr\u00e9s Luna (35) y Hugo Mart\u00ednez T\u00e1rraga Reclus (34), como as\u00ed tambi\u00e9n los tenientes Exequiel Emanuel Aguilar (31) y Dar\u00edo Emanuel Mart\u00ednez (31). Se suman los subtenientes Luis Facundo Acosta (26) y Gerardo Sebasti\u00e1n Bautista (31). El tribunal tambi\u00e9n resolvi\u00f3 agravar la calificaci\u00f3n, que pas\u00f3 de homicidio culposo a homicidio simple.<\/p>\n\n\n\n<p>Mientras tanto, otros dos militares Claudia Daniela Cayata (34) y Franco Dam\u00edan Grupico (26), continuar\u00e1n procesados como part\u00edcipes secundarios en el crimen, quienes continuar\u00e1n en libertad, pero para la Justicia, pudieron haber hecho algo para evitar la muerte del subteniente Chirino.<\/p>\n\n\n\n<p>Seg\u00fan consta en el expediente Mat\u00edas Ezequiel Chirino, Jorge Manuel Chaile y Rufino Ezequiel Meza, ingresantes al Cuartel, recibieron \u00f3rdenes arbitrarias y maltratos; a beber en exceso y tirarse a una pileta con agua sucia y helada.<\/p>\n","protected":false},"excerpt":{"rendered":"<p>A 15 meses del crimen del subteniente Mat\u00edas Ezequiel Chirino, en el marco de un &#8220;bautismo de iniciaci\u00f3n&#8221; ocurrido la madrugada del 19 de junio de 2022 en el Regimiento&hellip; <\/p>\n","protected":false},"author":1,"featured_media":89735,"comment_status":"closed","ping_status":"open","sticky":false,"template":"","format":"standard","meta":{"footnotes":""},"categories":[5],"tags":[],"class_list":["post-89717","post","type-post","status-publish","format-standard","has-post-thumbnail","hentry","category-crimen-y-justicia"],"_links":{"self":[{"href":"https:\/\/corrientesdetarde.com\/index.php\/wp-json\/wp\/v2\/posts\/89717","targetHints":{"allow":["GET"]}}],"collection":[{"href":"https:\/\/corrientesdetarde.com\/index.php\/wp-json\/wp\/v2\/posts"}],"about":[{"href":"https:\/\/corrientesdetarde.com\/index.php\/wp-json\/wp\/v2\/types\/post"}],"author":[{"embeddable":true,"href":"https:\/\/corrientesdetarde.com\/index.php\/wp-json\/wp\/v2\/users\/1"}],"replies":[{"embeddable":true,"href":"https:\/\/corrientesdetarde.com\/index.php\/wp-json\/wp\/v2\/comments?post=89717"}],"version-history":[{"count":1,"href":"https:\/\/corrientesdetarde.com\/index.php\/wp-json\/wp\/v2\/posts\/89717\/revisions"}],"predecessor-version":[{"id":89736,"href":"https:\/\/corrientesdetarde.com\/index.php\/wp-json\/wp\/v2\/posts\/89717\/revisions\/89736"}],"wp:featuredmedia":[{"embeddable":true,"href":"https:\/\/corrientesdetarde.com\/index.php\/wp-json\/wp\/v2\/media\/89735"}],"wp:attachment":[{"href":"https:\/\/corrientesdetarde.com\/index.php\/wp-json\/wp\/v2\/media?parent=89717"}],"wp:term":[{"taxonomy":"category","embeddable":true,"href":"https:\/\/corrientesdetarde.com\/index.php\/wp-json\/wp\/v2\/categories?post=89717"},{"taxonomy":"post_tag","embeddable":true,"href":"https:\/\/corrientesdetarde.com\/index.php\/wp-json\/wp\/v2\/tags?post=89717"}],"curies":[{"name":"wp","href":"https:\/\/api.w.org\/{rel}","templated":true}]}}