{"id":89718,"date":"2023-09-22T09:35:12","date_gmt":"2023-09-22T12:35:12","guid":{"rendered":"https:\/\/corrientesdetarde.com\/?p=89718"},"modified":"2023-09-22T12:13:42","modified_gmt":"2023-09-22T15:13:42","slug":"la-vicegobernacion-invita-al-primer-modelo-de-camara-de-senadores-y-a-un-simulacro-de-sesion","status":"publish","type":"post","link":"https:\/\/corrientesdetarde.com\/index.php\/locales\/la-vicegobernacion-invita-al-primer-modelo-de-camara-de-senadores-y-a-un-simulacro-de-sesion\/","title":{"rendered":"La Vicegobernaci\u00f3n invita al Primer Modelo de C\u00e1mara de Senadores y a un simulacro de sesi\u00f3n"},"content":{"rendered":"\n<p><\/p>\n\n\n\n<p>Este s\u00e1bado 23 tendr\u00e1 lugar en el recinto de sesiones de la Legislatura de la Provincia, la puesta en marcha del programa educativo destinado mostrar a trav\u00e9s de una simulaci\u00f3n de sesi\u00f3n c\u00f3mo funciona el Senado provincial.<\/p>\n\n\n<div class=\"wp-block-image\">\n<figure class=\"aligncenter size-large is-resized\"><img loading=\"lazy\" decoding=\"async\" src=\"https:\/\/corrientesdetarde.com\/wp-content\/uploads\/2023\/09\/WhatsApp-Image-2023-09-22-at-12.02.25-576x1024.jpg\" alt=\"\" class=\"wp-image-89785\" width=\"565\" height=\"1004\" srcset=\"https:\/\/corrientesdetarde.com\/wp-content\/uploads\/2023\/09\/WhatsApp-Image-2023-09-22-at-12.02.25-576x1024.jpg 576w, https:\/\/corrientesdetarde.com\/wp-content\/uploads\/2023\/09\/WhatsApp-Image-2023-09-22-at-12.02.25-169x300.jpg 169w, https:\/\/corrientesdetarde.com\/wp-content\/uploads\/2023\/09\/WhatsApp-Image-2023-09-22-at-12.02.25-768x1365.jpg 768w, https:\/\/corrientesdetarde.com\/wp-content\/uploads\/2023\/09\/WhatsApp-Image-2023-09-22-at-12.02.25-864x1536.jpg 864w, https:\/\/corrientesdetarde.com\/wp-content\/uploads\/2023\/09\/WhatsApp-Image-2023-09-22-at-12.02.25.jpg 900w\" sizes=\"auto, (max-width: 565px) 100vw, 565px\" \/><\/figure>\n<\/div>\n\n\n<p><br>Organizado por la Vicegobernaci\u00f3n, la C\u00e1mara de Senadores y la Organizaci\u00f3n Argentina de J\u00f3venes para las Naciones Unidas (OAJNU) Corrientes se presentar\u00e1 el Primer Modelo de C\u00e1mara de Senadores y se desarrollar\u00e1 un simulacro de sesi\u00f3n. Las actividades arrancar\u00e1n oficialmente a las 8 y se extender\u00e1n a lo largo de toda la jornada.<\/p>\n\n\n\n<figure class=\"wp-block-image size-large\"><img loading=\"lazy\" decoding=\"async\" width=\"1024\" height=\"683\" src=\"https:\/\/corrientesdetarde.com\/wp-content\/uploads\/2023\/09\/image-603-1024x683.png\" alt=\"\" class=\"wp-image-89727\" srcset=\"https:\/\/corrientesdetarde.com\/wp-content\/uploads\/2023\/09\/image-603-1024x683.png 1024w, https:\/\/corrientesdetarde.com\/wp-content\/uploads\/2023\/09\/image-603-300x200.png 300w, https:\/\/corrientesdetarde.com\/wp-content\/uploads\/2023\/09\/image-603-768x512.png 768w, https:\/\/corrientesdetarde.com\/wp-content\/uploads\/2023\/09\/image-603-1536x1024.png 1536w, https:\/\/corrientesdetarde.com\/wp-content\/uploads\/2023\/09\/image-603.png 1599w\" sizes=\"auto, (max-width: 1024px) 100vw, 1024px\" \/><\/figure>\n\n\n\n<p><br>El vicegobernador Pedro Braillard Poccard invita a participar del lanzamiento de este programa que consiste en un simulacro del funcionamiento \u00edntegro de la C\u00e1mara de Senadores del Poder Legislativo Provincial, donde dada una problem\u00e1tica de inter\u00e9s, los participantes se involucran en el mecanismo de formaci\u00f3n y sanci\u00f3n de una Ley, procurando arribar a una soluci\u00f3n como si fueran los mism\u00edsimos legisladores provinciales.<br>Los organizadores explicaron que \u201cuno de sus principales objetivos es promover la participaci\u00f3n ciudadana de los j\u00f3venes en una temprana edad, prepar\u00e1ndolos para el ejercicio pleno de la ciudadan\u00eda, incorporando capacidades para su rol activo en la democracia, permitiendo explorar herramientas tales como la oratoria, el di\u00e1logo, el debate y el consenso. Adem\u00e1s, se impulsa a los participantes al conocimiento de la labor parlamentaria de la C\u00e1mara de Senadores, como as\u00ed tambi\u00e9n de las distintas comisiones que la integran\u201d.<br>A partir de la vinculaci\u00f3n generada desde la Direcci\u00f3n de Relaciones Internacionales, Cooperaci\u00f3n e Integraci\u00f3n Regional con la Organizaci\u00f3n OAJNU Corrientes, surgi\u00f3 la propuesta de realizar esta experiencia en la provincia, ya que hasta el momento solamente se llev\u00f3 a cabo en las provincias de Mendoza y Tucum\u00e1n.<br>Los destinatarios son j\u00f3venes universitarios de entre 18 a 23 a\u00f1os, como as\u00ed tambi\u00e9n estudiantes del \u00faltimo a\u00f1o del nivel secundario pertenecientes a establecimientos educativos de la Ciudad de Corrientes.<br>El acto de apertura est\u00e1 programado para las 8:30 con el discurso de la directora Ejecutiva de OAJNU Corrientes, Paula Sof\u00eda Gonz\u00e1lez.<br>A continuaci\u00f3n el vicegobernador Pedro Braillard Poccard brindar\u00e1 su discurso y se realizar\u00e1 la entre de las declaraciones de inter\u00e9s. Luego se tomar\u00e1 juramento simb\u00f3lico a los senadores participantes. Y desde las 9:20 se desarrollar\u00e1 el plenario inicial con el inicio de las etapas y t\u00f3picos vinculados al funcionamiento propio de la C\u00e1mara alta<\/p>\n","protected":false},"excerpt":{"rendered":"<p>Este s\u00e1bado 23 tendr\u00e1 lugar en el recinto de sesiones de la Legislatura de la Provincia, la puesta en marcha del programa educativo destinado mostrar a trav\u00e9s de una simulaci\u00f3n&hellip; <\/p>\n","protected":false},"author":1,"featured_media":6942,"comment_status":"closed","ping_status":"open","sticky":false,"template":"","format":"standard","meta":{"footnotes":""},"categories":[8],"tags":[],"class_list":["post-89718","post","type-post","status-publish","format-standard","has-post-thumbnail","hentry","category-locales"],"_links":{"self":[{"href":"https:\/\/corrientesdetarde.com\/index.php\/wp-json\/wp\/v2\/posts\/89718","targetHints":{"allow":["GET"]}}],"collection":[{"href":"https:\/\/corrientesdetarde.com\/index.php\/wp-json\/wp\/v2\/posts"}],"about":[{"href":"https:\/\/corrientesdetarde.com\/index.php\/wp-json\/wp\/v2\/types\/post"}],"author":[{"embeddable":true,"href":"https:\/\/corrientesdetarde.com\/index.php\/wp-json\/wp\/v2\/users\/1"}],"replies":[{"embeddable":true,"href":"https:\/\/corrientesdetarde.com\/index.php\/wp-json\/wp\/v2\/comments?post=89718"}],"version-history":[{"count":4,"href":"https:\/\/corrientesdetarde.com\/index.php\/wp-json\/wp\/v2\/posts\/89718\/revisions"}],"predecessor-version":[{"id":89786,"href":"https:\/\/corrientesdetarde.com\/index.php\/wp-json\/wp\/v2\/posts\/89718\/revisions\/89786"}],"wp:featuredmedia":[{"embeddable":true,"href":"https:\/\/corrientesdetarde.com\/index.php\/wp-json\/wp\/v2\/media\/6942"}],"wp:attachment":[{"href":"https:\/\/corrientesdetarde.com\/index.php\/wp-json\/wp\/v2\/media?parent=89718"}],"wp:term":[{"taxonomy":"category","embeddable":true,"href":"https:\/\/corrientesdetarde.com\/index.php\/wp-json\/wp\/v2\/categories?post=89718"},{"taxonomy":"post_tag","embeddable":true,"href":"https:\/\/corrientesdetarde.com\/index.php\/wp-json\/wp\/v2\/tags?post=89718"}],"curies":[{"name":"wp","href":"https:\/\/api.w.org\/{rel}","templated":true}]}}