{"id":89732,"date":"2023-09-22T10:02:41","date_gmt":"2023-09-22T13:02:41","guid":{"rendered":"https:\/\/corrientesdetarde.com\/?p=89732"},"modified":"2023-09-22T10:02:53","modified_gmt":"2023-09-22T13:02:53","slug":"logistica-sustentable-como-reducir-las-emisiones-en-el-traslado-de-productos","status":"publish","type":"post","link":"https:\/\/corrientesdetarde.com\/index.php\/medio-ambiente\/logistica-sustentable-como-reducir-las-emisiones-en-el-traslado-de-productos\/","title":{"rendered":"Log\u00edstica sustentable: c\u00f3mo reducir las emisiones en el traslado de productos"},"content":{"rendered":"\n<p>La eficiencia energ\u00e9tica, el uso de combustibles alternativos y la compensaci\u00f3n de carbono son algunas de las herramientas que pueden aplicarse en t\u00e9rminos de movilidad para cuidar el medioambiente. Con el foco puesto en esta tem\u00e1tica,&nbsp;<strong>Andreani<\/strong>&nbsp;realiz\u00f3 un encuentro denominado&nbsp;<em>Descarbonizaci\u00f3n y circularidad: el rol de la log\u00edstica<\/em>.<\/p>\n\n\n\n<p>El evento represent\u00f3 una oportunidad para que la compa\u00f1\u00eda anunciara la implementaci\u00f3n controlada de biodiesel al 100% en las unidades de larga distancia. De esta manera, logr\u00f3 dar un paso m\u00e1s en su estrategia de&nbsp;<strong>Sustentabilidad y Visi\u00f3n 2030<\/strong>, con la que busca descarbonizar sostenidamente sus operaciones.<\/p>\n\n\n\n<p>Para este encuentro se convoc\u00f3 a una mesa de di\u00e1logo compuesta por expertos en cambio clim\u00e1tico, sostenibilidad, biocombustibles y energ\u00eda, quienes expusieron ante clientes, referentes de empresas, profesionales del tercer sector y periodistas. El foco estuvo puesto en los avances que consigui\u00f3 la organizaci\u00f3n del sector log\u00edstico y el impacto positivo que genera en toda la cadena de valor.<\/p>\n\n\n\n<p>\u201cEl biodiesel es una alternativa que proviene del aceite de soja y permite reducir en un 100% las emisiones directas de di\u00f3xido de carbono en la flota de larga distancia\u201d, Gabriel P\u00e9rez, gerente de Desempe\u00f1o Ambiental de Andreani, uno de los voceros del evento.<\/p>\n\n\n\n<p><img loading=\"lazy\" decoding=\"async\" alt=\"Las bater\u00edas de las camionetas el\u00e9ctricas mantienen su autonom\u00eda por 270 kil\u00f3metros durante seis horas de carga completa y disminuyen un 70% las emisiones de CO2 (Andreani)\" height=\"1080\" width=\"1920\" src=\"https:\/\/www.infobae.com\/new-resizer\/uSO5AOMh3xROJqcYzZFJJYh2hU4=\/arc-anglerfish-arc2-prod-infobae\/public\/CDZNLUPKQJFULGXSHHIBG3BF5U.jpg\" srcset=\"https:\/\/www.infobae.com\/new-resizer\/H4gxfkGCdZO-9yeIxUO_Bri2jh8=\/420x236\/filters:format(webp):quality(85)\/cloudfront-us-east-1.images.arcpublishing.com\/infobae\/CDZNLUPKQJFULGXSHHIBG3BF5U.jpg 420w,https:\/\/www.infobae.com\/new-resizer\/1arevxl9aix9Ly7N9qwUhcaW70E=\/768x432\/filters:format(webp):quality(85)\/cloudfront-us-east-1.images.arcpublishing.com\/infobae\/CDZNLUPKQJFULGXSHHIBG3BF5U.jpg 768w,https:\/\/www.infobae.com\/new-resizer\/vuYOYxSYr9i8_2_Iec-CFXvP8pM=\/992x558\/filters:format(webp):quality(85)\/cloudfront-us-east-1.images.arcpublishing.com\/infobae\/CDZNLUPKQJFULGXSHHIBG3BF5U.jpg 992w,https:\/\/www.infobae.com\/new-resizer\/VdA_H2uxwaPw5SPLIjtw0HKrvi8=\/1200x675\/filters:format(webp):quality(85)\/cloudfront-us-east-1.images.arcpublishing.com\/infobae\/CDZNLUPKQJFULGXSHHIBG3BF5U.jpg 1200w,https:\/\/www.infobae.com\/new-resizer\/2U84oJui4qIk7rI-BSjBa3g9s8w=\/1440x810\/filters:format(webp):quality(85)\/cloudfront-us-east-1.images.arcpublishing.com\/infobae\/CDZNLUPKQJFULGXSHHIBG3BF5U.jpg 1440w\">Las bater\u00edas de las camionetas el\u00e9ctricas mantienen su autonom\u00eda por 270 kil\u00f3metros durante seis horas de carga completa y disminuyen un 70% las emisiones de CO2 (Andreani)<\/p>\n\n\n\n<p>En la misma l\u00ednea, el ejecutivo remarc\u00f3 la importancia de promover la eficiencia energ\u00e9tica y afirm\u00f3 que la descarbonizaci\u00f3n representa uno de los desaf\u00edos m\u00e1s grandes para aquellas organizaciones que trabajan con flotas de transporte terrestre pesado.<\/p>\n\n\n\n<p>\u201cDebemos reducir al menos a la mitad las emisiones de di\u00f3xido de carbono de cara a 2030 para llegar a cero neto en 2050\u2033, se\u00f1al\u00f3 Maria Virginia Vilari\u00f1o, coordinadora del&nbsp;<strong>\u00c1rea de Energ\u00eda y Clima del Consejo Empresario Argentino para el Desarrollo Sostenible (CEADS)<\/strong>. En este sentido, hoy existen soluciones tecnol\u00f3gicas que pueden implementarse para todos los sectores a nivel nacional.<\/p>\n\n\n\n<p>Por su parte, Axel Boerr, presidente de la&nbsp;<strong>C\u00e1mara Panamericana de Biocombustibles Avanzados (CAPBA)<\/strong>&nbsp;y vicepresidente de&nbsp;<strong>Explora S.A.<\/strong>, revel\u00f3 que se est\u00e1 trabajando en una ley para saber cu\u00e1ntos gramos de di\u00f3xido de carbono se est\u00e1n tirando a la atm\u00f3sfera.<\/p>\n\n\n\n<p>El biodiesel tambi\u00e9n fue ponderado por Diego Cavalchini, gerente de Abastecimiento y Tr\u00e1fico de Andreani: \u201cQueremos llegar a fin de a\u00f1o con 1.500.000 kil\u00f3metros utilizando este combustible\u201d.<\/p>\n\n\n\n<p><img loading=\"lazy\" decoding=\"async\" alt=\"Las bicis el\u00e9ctricas pueden transportar hasta 200 kilogramos y permiten lograr mayor eficiencia operativa, as\u00ed como contribuir a una movilidad m\u00e1s amigable con el planeta (Andreani)\" height=\"1080\" width=\"1920\" src=\"https:\/\/www.infobae.com\/new-resizer\/tA1wzYoM0fWGvVpsommVaeRfJZQ=\/arc-anglerfish-arc2-prod-infobae\/public\/6HCC6IXNXJHYHMFFZQU5MZEEOY.jpg\" srcset=\"https:\/\/www.infobae.com\/new-resizer\/YxHR0jq7PXx66Be88rbwQGTi_8Q=\/420x236\/filters:format(webp):quality(85)\/cloudfront-us-east-1.images.arcpublishing.com\/infobae\/6HCC6IXNXJHYHMFFZQU5MZEEOY.jpg 420w,https:\/\/www.infobae.com\/new-resizer\/NlwLbQkBePBTGiZejaUiP0Tgy8M=\/768x432\/filters:format(webp):quality(85)\/cloudfront-us-east-1.images.arcpublishing.com\/infobae\/6HCC6IXNXJHYHMFFZQU5MZEEOY.jpg 768w,https:\/\/www.infobae.com\/new-resizer\/FuQUvLtShtQvE-O6Iff2n2x3OU4=\/992x558\/filters:format(webp):quality(85)\/cloudfront-us-east-1.images.arcpublishing.com\/infobae\/6HCC6IXNXJHYHMFFZQU5MZEEOY.jpg 992w,https:\/\/www.infobae.com\/new-resizer\/hZvuLe2ulLTPRRsF2RHY2LX1rSU=\/1200x675\/filters:format(webp):quality(85)\/cloudfront-us-east-1.images.arcpublishing.com\/infobae\/6HCC6IXNXJHYHMFFZQU5MZEEOY.jpg 1200w,https:\/\/www.infobae.com\/new-resizer\/CN-zEA9EsTZBJyIHe4LvcbusErU=\/1440x810\/filters:format(webp):quality(85)\/cloudfront-us-east-1.images.arcpublishing.com\/infobae\/6HCC6IXNXJHYHMFFZQU5MZEEOY.jpg 1440w\">Las bicis el\u00e9ctricas pueden transportar hasta 200 kilogramos y permiten lograr mayor eficiencia operativa, as\u00ed como contribuir a una movilidad m\u00e1s amigable con el planeta (Andreani)<\/p>\n\n\n\n<p>Desde que comenz\u00f3 este proceso, la empresa ha recorrido 380.000 kil\u00f3metros con emisiones directas de di\u00f3xido de carbono neutrales. Adem\u00e1s, complementa su estrategia con otras acciones de eficiencia energ\u00e9tica, como el uso de deflectores aerodin\u00e1micos y telemetr\u00eda para monitorear y trabajar sobre los h\u00e1bitos de conducci\u00f3n, la incorporaci\u00f3n de bitrenes y el uso de veh\u00edculos el\u00e9ctricos, as\u00ed como de GNC para su flota de \u00faltima milla.<\/p>\n\n\n\n<p>En este sentido, la digitalizaci\u00f3n y los datos para tomar decisiones tambi\u00e9n impactan en una mejor experiencia de entrega y un impacto positivo en el medioambiente. Un ejemplo de esto es&nbsp;<strong>Andreani GEO<\/strong>, una aplicaci\u00f3n que permite geolocalizar los env\u00edos, optimizar la planificaci\u00f3n y las entregas para generar eficiencias con resultados en la reducci\u00f3n de emisiones y congesti\u00f3n al tr\u00e1nsito.<\/p>\n\n\n\n<p>Adicionalmente, a las acciones de mitigaci\u00f3n, la empresa implement\u00f3 una compensaci\u00f3n relacionada con las emisiones que generan todos los env\u00edos en el&nbsp;<strong>segmento pyme<\/strong>&nbsp;y de peque\u00f1os consumidores a trav\u00e9s de la&nbsp;<strong>Fundaci\u00f3n Banco de Bosques<\/strong>. Como meta a largo plazo, la compa\u00f1\u00eda est\u00e1 alineada con los objetivos de Argentina de bajar sus emisiones netas para el a\u00f1o 2030.<\/p>\n","protected":false},"excerpt":{"rendered":"<p>La eficiencia energ\u00e9tica, el uso de combustibles alternativos y la compensaci\u00f3n de carbono son algunas de las herramientas que pueden aplicarse en t\u00e9rminos de movilidad para cuidar el medioambiente. Con&hellip; <\/p>\n","protected":false},"author":1,"featured_media":89741,"comment_status":"closed","ping_status":"open","sticky":false,"template":"","format":"standard","meta":{"footnotes":""},"categories":[6],"tags":[],"class_list":["post-89732","post","type-post","status-publish","format-standard","has-post-thumbnail","hentry","category-medio-ambiente"],"_links":{"self":[{"href":"https:\/\/corrientesdetarde.com\/index.php\/wp-json\/wp\/v2\/posts\/89732","targetHints":{"allow":["GET"]}}],"collection":[{"href":"https:\/\/corrientesdetarde.com\/index.php\/wp-json\/wp\/v2\/posts"}],"about":[{"href":"https:\/\/corrientesdetarde.com\/index.php\/wp-json\/wp\/v2\/types\/post"}],"author":[{"embeddable":true,"href":"https:\/\/corrientesdetarde.com\/index.php\/wp-json\/wp\/v2\/users\/1"}],"replies":[{"embeddable":true,"href":"https:\/\/corrientesdetarde.com\/index.php\/wp-json\/wp\/v2\/comments?post=89732"}],"version-history":[{"count":1,"href":"https:\/\/corrientesdetarde.com\/index.php\/wp-json\/wp\/v2\/posts\/89732\/revisions"}],"predecessor-version":[{"id":89742,"href":"https:\/\/corrientesdetarde.com\/index.php\/wp-json\/wp\/v2\/posts\/89732\/revisions\/89742"}],"wp:featuredmedia":[{"embeddable":true,"href":"https:\/\/corrientesdetarde.com\/index.php\/wp-json\/wp\/v2\/media\/89741"}],"wp:attachment":[{"href":"https:\/\/corrientesdetarde.com\/index.php\/wp-json\/wp\/v2\/media?parent=89732"}],"wp:term":[{"taxonomy":"category","embeddable":true,"href":"https:\/\/corrientesdetarde.com\/index.php\/wp-json\/wp\/v2\/categories?post=89732"},{"taxonomy":"post_tag","embeddable":true,"href":"https:\/\/corrientesdetarde.com\/index.php\/wp-json\/wp\/v2\/tags?post=89732"}],"curies":[{"name":"wp","href":"https:\/\/api.w.org\/{rel}","templated":true}]}}