{"id":89733,"date":"2023-09-22T10:00:51","date_gmt":"2023-09-22T13:00:51","guid":{"rendered":"https:\/\/corrientesdetarde.com\/?p=89733"},"modified":"2023-09-22T10:01:02","modified_gmt":"2023-09-22T13:01:02","slug":"movilidad-ecologica-que-son-los-combustibles-sostenibles-de-aviacion-probados-en-el-pais","status":"publish","type":"post","link":"https:\/\/corrientesdetarde.com\/index.php\/informacion-general\/movilidad-ecologica-que-son-los-combustibles-sostenibles-de-aviacion-probados-en-el-pais\/","title":{"rendered":"Movilidad ecol\u00f3gica: qu\u00e9 son los combustibles sostenibles de aviaci\u00f3n probados en el pa\u00eds"},"content":{"rendered":"\n<p>El&nbsp;<strong>Aeropuerto Internacional de Ezeiza&nbsp;<\/strong>recibi\u00f3 el pasado 15 de septiembre de 2023 el primer vuelo de&nbsp;<strong>Aerol\u00edneas Argentinas&nbsp;<\/strong>cargado con combustible sostenible de aviaci\u00f3n (SAF, por sus siglas en ingl\u00e9s). El hecho signific\u00f3 un nuevo paso adelante en la historia de esta compa\u00f1\u00eda de bandera.<\/p>\n\n\n\n<p>Procedente desde Madrid, el AR1135 que aterriz\u00f3 en Buenos Aires fue utilizado como una prueba inicial en el marco del&nbsp;<strong>Plan de Sostenibilidad<\/strong>&nbsp;de la empresa. Seg\u00fan lo proyectado en este trabajo, el objetivo es que este producto sea utilizado en todas las unidades a partir de 2027.<\/p>\n\n\n\n<p>Una vez que el combustible sostenible de aviaci\u00f3n forme parte de los vuelos de Aerol\u00edneas Argentinas en su totalidad, la empresa continuar\u00e1 avanzando en pos de alcanzar la neutralidad en 2050. Se trata de una meta establecida en los convenios internacionales firmados por las compa\u00f1\u00edas que forman parte de la&nbsp;<strong>Asociaci\u00f3n Internacional de Transporte A\u00e9reo (IATA)<\/strong>.<\/p>\n\n\n\n<p>En esta primera instancia, la aeronave, que parti\u00f3 desde la capital espa\u00f1ola rumbo al territorio nacional, carg\u00f3 un 2% de SAF. De esta manera se pudieron realizar las pruebas correspondientes de rendimiento, las cuales arrojaron resultados positivos, de acuerdo a lo informado por la organizaci\u00f3n.<\/p>\n\n\n\n<p>\u201cEs un vuelo que tiene un valor muy especial para nosotros porque significa la implementaci\u00f3n efectiva de una parte importante de nuestro Plan de Sostenibilidad. Queda mucho trabajo por hacer, pero vamos a lograr llegar a una industria completamente limpia para el a\u00f1o 2050\u2033, afirm\u00f3 Pablo Ceriani, presidente de Aerol\u00edneas Argentinas.<\/p>\n\n\n\n<p>Si bien los&nbsp;<strong>combustibles SAF<\/strong>&nbsp;pueden resultar qu\u00edmicamente similares a los f\u00f3siles, se diferencian de ellos por la capacidad que tienen para disminuir las emisiones netas de gases de efecto invernadero en su ciclo de vida. Por eso, a trav\u00e9s de su uso, la compa\u00f1\u00eda de bandera apunta a conseguir sus objetivos previstos en materia de sustentabilidad.<\/p>\n\n\n\n<p><img loading=\"lazy\" decoding=\"async\" alt=\"Aerol\u00edneas Argentinas planea que todos sus vuelos lleven combustible SAF a partir de 2027 (Aerol\u00edneas Argentinas)\" height=\"1080\" width=\"1920\" src=\"https:\/\/www.infobae.com\/new-resizer\/8XBMOH-tv-PAv2lhU5Lpn8kFvsI=\/arc-anglerfish-arc2-prod-infobae\/public\/2SIASTONVVEHDOZW6RUUUJKK7U.jpg\" srcset=\"https:\/\/www.infobae.com\/new-resizer\/FpYhp4wGfFv2fj7orQgFci_Uza4=\/420x236\/filters:format(webp):quality(85)\/cloudfront-us-east-1.images.arcpublishing.com\/infobae\/2SIASTONVVEHDOZW6RUUUJKK7U.jpg 420w,https:\/\/www.infobae.com\/new-resizer\/MIhWTLWXTohEgRcPtHtOQ4N7Glk=\/768x432\/filters:format(webp):quality(85)\/cloudfront-us-east-1.images.arcpublishing.com\/infobae\/2SIASTONVVEHDOZW6RUUUJKK7U.jpg 768w,https:\/\/www.infobae.com\/new-resizer\/9tXeGcqq-B0A3qdS9w8LXmuuOc8=\/992x558\/filters:format(webp):quality(85)\/cloudfront-us-east-1.images.arcpublishing.com\/infobae\/2SIASTONVVEHDOZW6RUUUJKK7U.jpg 992w,https:\/\/www.infobae.com\/new-resizer\/dqPBR13pr4oJGLGzJ-OmhZOUYBQ=\/1200x675\/filters:format(webp):quality(85)\/cloudfront-us-east-1.images.arcpublishing.com\/infobae\/2SIASTONVVEHDOZW6RUUUJKK7U.jpg 1200w,https:\/\/www.infobae.com\/new-resizer\/B_LNcAyLZmgWpraA8C51_W0HEdM=\/1440x810\/filters:format(webp):quality(85)\/cloudfront-us-east-1.images.arcpublishing.com\/infobae\/2SIASTONVVEHDOZW6RUUUJKK7U.jpg 1440w\">Aerol\u00edneas Argentinas planea que todos sus vuelos lleven combustible SAF a partir de 2027 (Aerol\u00edneas Argentinas)<\/p>\n\n\n\n<p>\u201cEn este avi\u00f3n viaj\u00f3 tambi\u00e9n todo el trabajo de medici\u00f3n, an\u00e1lisis y seguimiento que venimos realizando para cumplir con las metas y los convenios internacionales firmados, al igual que nuestro compromiso en pos de lograr una aviaci\u00f3n sostenible\u201d, agreg\u00f3 Ceriani.<\/p>\n\n\n\n<p>Para considerarse como SAF, un combustible debe alcanzar una reducci\u00f3n de emisiones netas de&nbsp;<strong>gases de efecto invernadero<\/strong>&nbsp;de entre un 50% y un 60%. Adem\u00e1s, es necesario que su materia prima provenga de terrenos y t\u00e9cnicas que no afecten a la biodiversidad.<\/p>\n\n\n\n<p>Otro requisito obligatorio que debe cumplir este producto consiste en alinearse a ciertos criterios y consideraciones sociales, econ\u00f3micas y ambientales. B\u00e1sicamente, se trata de una gu\u00eda de pr\u00e1cticas orientadas a disminuir la influencia que genera la aviaci\u00f3n en la atm\u00f3sfera.<\/p>\n\n\n\n<p>A partir de su impacto positivo comprobado, los combustibles refinados a partir de materiales no f\u00f3siles son considerados un bien escaso y muy requerido por el sector de la movilidad a\u00e9rea. Con lo cual, representan una herramienta sustancial para avanzar en los pr\u00f3ximos a\u00f1os hacia la&nbsp;<strong>descarbonizaci\u00f3n de la industria<\/strong>.<\/p>\n\n\n\n<p>En este sentido, el trabajo que Aerol\u00edneas Argentinas viene realizando en t\u00e9rminos de&nbsp;<strong>cuidado del medioambiente&nbsp;<\/strong>ya ha recibido reconocimientos a nivel mundial. En 2022, la compa\u00f1\u00eda fue premiada por la alianza&nbsp;<strong>SkyTeam<\/strong>&nbsp;en el marco de la iniciativa&nbsp;<strong>El Vuelo Sostenible<\/strong>.<\/p>\n\n\n\n<p>A partir de esta iniciativa y sus innovaciones para conseguir la disminuci\u00f3n de la huella de carbono, la compa\u00f1\u00eda fue distinguida por la comunidad global de la industria en las categor\u00edas&nbsp;<em>Reducci\u00f3n de CO\u2082 en vuelos de largo recorrido<\/em>,&nbsp;<em>Innovaci\u00f3n en cargas<\/em>&nbsp;y&nbsp;<em>Profesionales m\u00e1s comprometidos<\/em>.<\/p>\n\n\n\n<p>Para conocer m\u00e1s informaci\u00f3n sobre Aerol\u00edneas Argentinas, hacer<a href=\"https:\/\/www.aerolineas.com.ar\/\">&nbsp;<\/a><a rel=\"noreferrer noopener\" href=\"https:\/\/www.aerolineas.com.ar\/\" target=\"_blank\">clic ac\u00e1<\/a>.<\/p>\n","protected":false},"excerpt":{"rendered":"<p>El&nbsp;Aeropuerto Internacional de Ezeiza&nbsp;recibi\u00f3 el pasado 15 de septiembre de 2023 el primer vuelo de&nbsp;Aerol\u00edneas Argentinas&nbsp;cargado con combustible sostenible de aviaci\u00f3n (SAF, por sus siglas en ingl\u00e9s). El hecho signific\u00f3&hellip; <\/p>\n","protected":false},"author":1,"featured_media":89739,"comment_status":"closed","ping_status":"open","sticky":false,"template":"","format":"standard","meta":{"footnotes":""},"categories":[1],"tags":[],"class_list":["post-89733","post","type-post","status-publish","format-standard","has-post-thumbnail","hentry","category-informacion-general"],"_links":{"self":[{"href":"https:\/\/corrientesdetarde.com\/index.php\/wp-json\/wp\/v2\/posts\/89733","targetHints":{"allow":["GET"]}}],"collection":[{"href":"https:\/\/corrientesdetarde.com\/index.php\/wp-json\/wp\/v2\/posts"}],"about":[{"href":"https:\/\/corrientesdetarde.com\/index.php\/wp-json\/wp\/v2\/types\/post"}],"author":[{"embeddable":true,"href":"https:\/\/corrientesdetarde.com\/index.php\/wp-json\/wp\/v2\/users\/1"}],"replies":[{"embeddable":true,"href":"https:\/\/corrientesdetarde.com\/index.php\/wp-json\/wp\/v2\/comments?post=89733"}],"version-history":[{"count":1,"href":"https:\/\/corrientesdetarde.com\/index.php\/wp-json\/wp\/v2\/posts\/89733\/revisions"}],"predecessor-version":[{"id":89740,"href":"https:\/\/corrientesdetarde.com\/index.php\/wp-json\/wp\/v2\/posts\/89733\/revisions\/89740"}],"wp:featuredmedia":[{"embeddable":true,"href":"https:\/\/corrientesdetarde.com\/index.php\/wp-json\/wp\/v2\/media\/89739"}],"wp:attachment":[{"href":"https:\/\/corrientesdetarde.com\/index.php\/wp-json\/wp\/v2\/media?parent=89733"}],"wp:term":[{"taxonomy":"category","embeddable":true,"href":"https:\/\/corrientesdetarde.com\/index.php\/wp-json\/wp\/v2\/categories?post=89733"},{"taxonomy":"post_tag","embeddable":true,"href":"https:\/\/corrientesdetarde.com\/index.php\/wp-json\/wp\/v2\/tags?post=89733"}],"curies":[{"name":"wp","href":"https:\/\/api.w.org\/{rel}","templated":true}]}}