{"id":89734,"date":"2023-09-22T09:58:18","date_gmt":"2023-09-22T12:58:18","guid":{"rendered":"https:\/\/corrientesdetarde.com\/?p=89734"},"modified":"2023-09-22T09:58:30","modified_gmt":"2023-09-22T12:58:30","slug":"iom-kipur-el-dia-mas-sagrado-para-los-judios-el-dia-del-perdon-que-incluye-ayuno-y-reflexion","status":"publish","type":"post","link":"https:\/\/corrientesdetarde.com\/index.php\/sociales\/iom-kipur-el-dia-mas-sagrado-para-los-judios-el-dia-del-perdon-que-incluye-ayuno-y-reflexion\/","title":{"rendered":"Iom Kipur, el d\u00eda m\u00e1s sagrado para los jud\u00edos: el D\u00eda del Perd\u00f3n que incluye ayuno y reflexi\u00f3n"},"content":{"rendered":"\n<p>Iom Kipur, conocido como el\u00a0D\u00eda del Perd\u00f3n, empieza este domingo 24 de septiembre con la puesta del sol. Este d\u00eda remonta su origen hace 3300 a\u00f1os.<\/p>\n\n\n\n<p>Es el D\u00eda de la Expiaci\u00f3n, cuando la colectividad se re\u00fane y pide perd\u00f3n tanto a sus semejantes como a Dios. Se trata de una jornada de profunda reflexi\u00f3n en la que se cumple un ayuno completo y se analizan los actos llevados a cabo durante el a\u00f1o que culmina, en busca de la purificaci\u00f3n para ser inscriptos en el libro de la vida.<\/p>\n\n\n\n<p>Durante este d\u00eda, y hasta la aparici\u00f3n de la primera estrella del lunes 25 de septiembre,&nbsp;<strong>la comunidad jud\u00eda se re\u00fane a pedir perd\u00f3n<\/strong>&nbsp;y a reflexionar en profundidad. Para ello,&nbsp;<strong>se cumple un estricto ayuno<\/strong>&nbsp;y se hace un an\u00e1lisis de lo realizado durante el a\u00f1o que pas\u00f3 antes del Rosh Hashan\u00e1 (a\u00f1o nuevo) para que, luego de la purificaci\u00f3n, uno pueda ser anotado en el&nbsp;<strong>Libro de la Vida.<\/strong><\/p>\n\n\n\n<p>El ayuno dura alrededor de 26 horas. All\u00ed la comunidad deja de preocuparse por cosas mundanas para ocuparse de las cosas importantes que los enaltecen como humanos y los elevan a otras categor\u00edas espirituales.<\/p>\n\n\n\n<p>En esos momentos, est\u00e1 prohibido calzar zapatos de cuero, untarse el cuerpo con cremas, ba\u00f1arse y tener relaciones \u00edntimas. El rezo m\u00e1s sagrado de esta jornada es el&nbsp;<strong>Neil\u00e1<\/strong>, que tendr\u00e1 lugar el domingo por la noche. Para ello se coloca un talit, un manto de oraci\u00f3n cuadrado, que es usado por \u00fanica vez en la tarde en esta ocasi\u00f3n.<\/p>\n\n\n\n<p>A veces mencionado como el \u201csabat de los sabats\u201d, Iom Kipur es considerado un d\u00eda de reparaci\u00f3n en la religi\u00f3n jud\u00eda. Se realiza en el mes de Tishrei del calendario jud\u00edo y es celebrado en todas partes del mundo.<\/p>\n\n\n\n<p>En concreto, es un d\u00eda para reflexionar sobre el a\u00f1o pasado y pedir perd\u00f3n por los pecados. Todo el per\u00edodo entre Rosh Hashan\u00e1 y Yom Kipur se conoce como los \u201cD\u00edas de Arrepentimiento\u201d: un periodo en que los jud\u00edos se comprometen a no repetir los errores del pasado.<\/p>\n\n\n\n<p><strong>Esta celebraci\u00f3n se remonta a m\u00e1s de 3.300 a\u00f1os atr\u00e1s<\/strong>, cuando luego de la liberaci\u00f3n del pueblo de Israel de la esclavitud en Egipto,&nbsp;<strong>Dios le entrega la Tor\u00e1 a Mois\u00e9s en el Monte Sina\u00ed.&nbsp;<\/strong>La gente se impacient\u00f3 porque no regresaba y ador\u00f3 a un becerro de oro. Cuando Mois\u00e9s descendi\u00f3, los id\u00f3latras fueron castigados y comenzaron un lapso de tiempo para recomponer la relaci\u00f3n con Dios,&nbsp;<strong>que dur\u00f3 hasta el d\u00e9cimo d\u00eda de Tishrei.<\/strong><\/p>\n\n\n\n<p>\u201cLos d\u00edas cercanos a Iom Kipur la mirada se vuelve hacia nosotros mismos\u201d, se\u00f1ala el rabino Eliahu Hamra. Y a\u00f1ade que \u201cpor un lado, realizamos un exhaustivo examen de conciencia, dedicamos nuestro tiempo a la introspecci\u00f3n, analizamos a fondo nuestras acciones y, finalmente,&nbsp;<strong>pedimos perd\u00f3n por los errores que cometimos\u201d<\/strong>.<\/p>\n\n\n\n<p>Adem\u00e1s, algunos visten de blanco como s\u00edmbolo de pureza y muchos se abstienen de usar maquillaje o perfume y ba\u00f1arse. Los ni\u00f1os menores de 13 a\u00f1os y las ni\u00f1as menores de 12, y las personas enfermas de gravedad o embarazadas no est\u00e1n obligados a ayunar.<\/p>\n\n\n\n<p>\u201cEn este d\u00eda sagrado, adem\u00e1s de conectarnos con el aspecto m\u00e1s profundo de la vida, tambi\u00e9n honramos a las personas que ya no est\u00e1n entre nosotros. Encendemos una vela por su memoria y pedimos por la elevaci\u00f3n de sus almas\u201d, resalt\u00f3 el rabino.<\/p>\n\n\n\n<figure class=\"wp-block-embed is-type-video is-provider-youtube wp-block-embed-youtube wp-embed-aspect-16-9 wp-has-aspect-ratio\"><div class=\"wp-block-embed__wrapper\">\n<iframe loading=\"lazy\" title=\"Yom Kipur, \u00bfCu\u00e1l es el objetivo principal? - por Nadia Cattan\" width=\"1110\" height=\"624\" src=\"https:\/\/www.youtube.com\/embed\/dOfF4bWiVOg?feature=oembed\" frameborder=\"0\" allow=\"accelerometer; autoplay; clipboard-write; encrypted-media; gyroscope; picture-in-picture; web-share\" allowfullscreen><\/iframe>\n<\/div><\/figure>\n","protected":false},"excerpt":{"rendered":"<p>Iom Kipur, conocido como el\u00a0D\u00eda del Perd\u00f3n, empieza este domingo 24 de septiembre con la puesta del sol. Este d\u00eda remonta su origen hace 3300 a\u00f1os. Es el D\u00eda de&hellip; <\/p>\n","protected":false},"author":1,"featured_media":89737,"comment_status":"closed","ping_status":"open","sticky":false,"template":"","format":"standard","meta":{"footnotes":""},"categories":[17],"tags":[],"class_list":["post-89734","post","type-post","status-publish","format-standard","has-post-thumbnail","hentry","category-sociales"],"_links":{"self":[{"href":"https:\/\/corrientesdetarde.com\/index.php\/wp-json\/wp\/v2\/posts\/89734","targetHints":{"allow":["GET"]}}],"collection":[{"href":"https:\/\/corrientesdetarde.com\/index.php\/wp-json\/wp\/v2\/posts"}],"about":[{"href":"https:\/\/corrientesdetarde.com\/index.php\/wp-json\/wp\/v2\/types\/post"}],"author":[{"embeddable":true,"href":"https:\/\/corrientesdetarde.com\/index.php\/wp-json\/wp\/v2\/users\/1"}],"replies":[{"embeddable":true,"href":"https:\/\/corrientesdetarde.com\/index.php\/wp-json\/wp\/v2\/comments?post=89734"}],"version-history":[{"count":1,"href":"https:\/\/corrientesdetarde.com\/index.php\/wp-json\/wp\/v2\/posts\/89734\/revisions"}],"predecessor-version":[{"id":89738,"href":"https:\/\/corrientesdetarde.com\/index.php\/wp-json\/wp\/v2\/posts\/89734\/revisions\/89738"}],"wp:featuredmedia":[{"embeddable":true,"href":"https:\/\/corrientesdetarde.com\/index.php\/wp-json\/wp\/v2\/media\/89737"}],"wp:attachment":[{"href":"https:\/\/corrientesdetarde.com\/index.php\/wp-json\/wp\/v2\/media?parent=89734"}],"wp:term":[{"taxonomy":"category","embeddable":true,"href":"https:\/\/corrientesdetarde.com\/index.php\/wp-json\/wp\/v2\/categories?post=89734"},{"taxonomy":"post_tag","embeddable":true,"href":"https:\/\/corrientesdetarde.com\/index.php\/wp-json\/wp\/v2\/tags?post=89734"}],"curies":[{"name":"wp","href":"https:\/\/api.w.org\/{rel}","templated":true}]}}