{"id":89751,"date":"2023-09-22T10:34:57","date_gmt":"2023-09-22T13:34:57","guid":{"rendered":"https:\/\/corrientesdetarde.com\/?p=89751"},"modified":"2023-09-22T10:35:00","modified_gmt":"2023-09-22T13:35:00","slug":"sueldos-de-septiembre-valdes-confirma-cronograma-de-pago-con-aumentos","status":"publish","type":"post","link":"https:\/\/corrientesdetarde.com\/index.php\/actualidad\/sueldos-de-septiembre-valdes-confirma-cronograma-de-pago-con-aumentos\/","title":{"rendered":"Sueldos de septiembre: Vald\u00e9s confirma cronograma de pago con aumentos"},"content":{"rendered":"\n<p>A trav\u00e9s de sus redes sociales, el gobernador Gustavo Vald\u00e9s inform\u00f3 que la liquidaci\u00f3n de haberes del mes de septiembre se ejecutar\u00e1 entre este lunes 25 y el viernes 29. Los agentes de la administraci\u00f3n p\u00fablica provincial percibir\u00e1n con los incrementos otorgados por el Gobierno Provincial.<\/p>\n\n\n\n<p>De acuerdo a lo anunciado por Vald\u00e9s, el pago del sueldo de septiembre comenzar\u00e1 este lunes 25, para los agentes de la administraci\u00f3n p\u00fablica provincial con Documento Nacional de identidad terminados en 0 y 1.<\/p>\n\n\n\n<p>Este tramo estar\u00e1 disponible desde el s\u00e1bado 23, a trav\u00e9s de los cajeros autom\u00e1ticos habilitados por el Banco de Corrientes SA.<\/p>\n\n\n\n<p>El cronograma de pago contin\u00faa el martes 26, para aquellos con documentos terminados en 2 y 3. El mi\u00e9rcoles 27, cobran los finalizados en DNI 4 y 5. El jueves 28, los n\u00fameros 6 y 7. El pago del sueldo de septiembre culmina el viernes 29, jornada que percibir\u00e1n aquellos con DNI terminados en 8 y 9.<\/p>\n\n\n\n<p>Cabe recordar que el Gobierno de Corrientes ya ejecut\u00f3 cinco aumentos en los 9 meses del a\u00f1o, con los cuales acumula una\u00a0 recomposici\u00f3n de bolsillo superior al 115% y de m\u00e1s del 120% al b\u00e1sico. Los incrementos salariales est\u00e1n por encima de la inflaci\u00f3n acumulada.<\/p>\n\n\n\n<figure class=\"wp-block-image size-large\"><img loading=\"lazy\" decoding=\"async\" width=\"1024\" height=\"1004\" src=\"https:\/\/corrientesdetarde.com\/wp-content\/uploads\/2023\/09\/image-604-1024x1004.png\" alt=\"\" class=\"wp-image-89755\" srcset=\"https:\/\/corrientesdetarde.com\/wp-content\/uploads\/2023\/09\/image-604-1024x1004.png 1024w, https:\/\/corrientesdetarde.com\/wp-content\/uploads\/2023\/09\/image-604-300x294.png 300w, https:\/\/corrientesdetarde.com\/wp-content\/uploads\/2023\/09\/image-604-768x753.png 768w, https:\/\/corrientesdetarde.com\/wp-content\/uploads\/2023\/09\/image-604.png 1080w\" sizes=\"auto, (max-width: 1024px) 100vw, 1024px\" \/><\/figure>\n","protected":false},"excerpt":{"rendered":"<p>A trav\u00e9s de sus redes sociales, el gobernador Gustavo Vald\u00e9s inform\u00f3 que la liquidaci\u00f3n de haberes del mes de septiembre se ejecutar\u00e1 entre este lunes 25 y el viernes 29.&hellip; <\/p>\n","protected":false},"author":1,"featured_media":83472,"comment_status":"closed","ping_status":"open","sticky":false,"template":"","format":"standard","meta":{"footnotes":""},"categories":[23],"tags":[],"class_list":["post-89751","post","type-post","status-publish","format-standard","has-post-thumbnail","hentry","category-actualidad"],"_links":{"self":[{"href":"https:\/\/corrientesdetarde.com\/index.php\/wp-json\/wp\/v2\/posts\/89751","targetHints":{"allow":["GET"]}}],"collection":[{"href":"https:\/\/corrientesdetarde.com\/index.php\/wp-json\/wp\/v2\/posts"}],"about":[{"href":"https:\/\/corrientesdetarde.com\/index.php\/wp-json\/wp\/v2\/types\/post"}],"author":[{"embeddable":true,"href":"https:\/\/corrientesdetarde.com\/index.php\/wp-json\/wp\/v2\/users\/1"}],"replies":[{"embeddable":true,"href":"https:\/\/corrientesdetarde.com\/index.php\/wp-json\/wp\/v2\/comments?post=89751"}],"version-history":[{"count":1,"href":"https:\/\/corrientesdetarde.com\/index.php\/wp-json\/wp\/v2\/posts\/89751\/revisions"}],"predecessor-version":[{"id":89756,"href":"https:\/\/corrientesdetarde.com\/index.php\/wp-json\/wp\/v2\/posts\/89751\/revisions\/89756"}],"wp:featuredmedia":[{"embeddable":true,"href":"https:\/\/corrientesdetarde.com\/index.php\/wp-json\/wp\/v2\/media\/83472"}],"wp:attachment":[{"href":"https:\/\/corrientesdetarde.com\/index.php\/wp-json\/wp\/v2\/media?parent=89751"}],"wp:term":[{"taxonomy":"category","embeddable":true,"href":"https:\/\/corrientesdetarde.com\/index.php\/wp-json\/wp\/v2\/categories?post=89751"},{"taxonomy":"post_tag","embeddable":true,"href":"https:\/\/corrientesdetarde.com\/index.php\/wp-json\/wp\/v2\/tags?post=89751"}],"curies":[{"name":"wp","href":"https:\/\/api.w.org\/{rel}","templated":true}]}}