{"id":89846,"date":"2023-09-22T19:42:48","date_gmt":"2023-09-22T22:42:48","guid":{"rendered":"https:\/\/corrientesdetarde.com\/?p=89846"},"modified":"2023-09-22T19:42:52","modified_gmt":"2023-09-22T22:42:52","slug":"la-reaccion-del-productor-del-programa-de-migue-granados-al-ver-que-en-luzu-pasaron-la-entrevista-a-messi","status":"publish","type":"post","link":"https:\/\/corrientesdetarde.com\/index.php\/espectaculos\/la-reaccion-del-productor-del-programa-de-migue-granados-al-ver-que-en-luzu-pasaron-la-entrevista-a-messi\/","title":{"rendered":"La reacci\u00f3n del productor del programa de Migue Granados al ver que en Luzu pasaron la entrevista a Messi"},"content":{"rendered":"\n<p>Este jueves sali\u00f3 al aire la entrevista que\u00a0<strong>Migue Granados<\/strong>\u00a0le hizo a\u00a0<strong>Lionel Messi\u00a0<\/strong>para\u00a0<em>So\u00f1\u00e9 que volaba<\/em>, programa que tiene en\u00a0<em>Olga<\/em>, su canal de streaming. Desde\u00a0<em>Luzu TV<\/em>, tomaron la decisi\u00f3n de reaccionar en vivo al reportaje y lo retransmitieron en\u00a0<em>Nadie dice nada,<\/em>\u00a0ciclo que conduce Nico Occhiato.<\/p>\n\n\n\n<p>Ese mismo d\u00eda, Granados agradeci\u00f3 el gesto que hab\u00eda tenido el conductor, y asegur\u00f3 que es una \u201c<strong>competencia sana<\/strong>\u201d la que tienen ambos canales de streaming. Sin embargo,&nbsp;<strong>su productor y co-conductor, Lucas Fridman, no opin\u00f3 de la misma forma<\/strong>.<\/p>\n\n\n\n<figure class=\"wp-block-image\"><img decoding=\"async\" src=\"https:\/\/tn.com.ar\/resizer\/hnMadYh5UUaPgsCywlgpWXEnKSU=\/767x0\/smart\/filters:format(webp)\/thumbs.vodgc.net\/1-14-upBpgh1695419061465-1695419243.jpg\" alt=\"Video Placeholder\"\/><\/figure>\n\n\n\n<p>Lucas Fridman se mostr\u00f3 en desacuerdo con que en Luzu retransmitieran la entrevista a Messi (Foto: captura Olga)<\/p>\n\n\n\n<p>\u201c<strong>\u00bfVos consider\u00e1s que deber\u00edan haberlo dejado pasar?<\/strong>\u201d, le pregunt\u00f3 Migue. \u201c<strong>S\u00ed, obvio<\/strong>\u201d, contest\u00f3 el joven. Acto seguido, comenz\u00f3 su descargo: \u201cHablo yo por m\u00ed, no hablo por el canal, ni por lo que piensan ustedes. Si tu programa es eso en ese momento,<strong>&nbsp;ten\u00e9s que transitarlo<\/strong>, como muchas veces me toc\u00f3 a m\u00ed del otro lado tener que transitar un programa cuando otros programas hac\u00edan cosas bestiales y<strong>&nbsp;a m\u00ed me toc\u00f3 decir \u2018bueno, nos toca esta y hay que remar con la nuestra\u2019<\/strong>\u201d.<\/p>\n\n\n\n<p>\u201cEntiendo la buena onda.&nbsp;<strong>La buena onda existe<\/strong>, es una buena onda real. Estamos hablando de medios en un sentido m\u00e1s general tomando este ejemplo. Te toca esa,&nbsp;<strong>tendr\u00e1s baja audiencia ese d\u00eda, despu\u00e9s la vas a volver a recuperar<\/strong>&nbsp;seguramente, pero ese d\u00eda te toc\u00f3 esa, y te toc\u00f3, y transitala con lo que te toc\u00f3 y listo\u201d, agreg\u00f3.<\/p>\n\n\n\n<p>Por \u00faltimo, cerr\u00f3: \u201cAdem\u00e1s es un ida y vuelta esto tambi\u00e9n y repito, no tiene que ver con la onda entre canales, porque&nbsp;<strong>realmente somos amigos<\/strong>, tiene que ver con que<strong>&nbsp;si un d\u00eda te toca tener un 80% menos de audiencia, te toca, corta<\/strong>\u201d.<\/p>\n\n\n\n<h2 class=\"wp-block-heading\">El inc\u00f3modo momento de Messi cuando Migue Granados le pregunt\u00f3 por sus partes \u00edntimas: la tajante respuesta<\/h2>\n\n\n\n<p>En una entrevista realizada por el conductor y humorista\u00a0<strong>Migue Granados<\/strong>para su programa\u00a0<em>So\u00f1\u00e9 que Volaba,<\/em>\u00a0por el canal de streaming\u00a0<em>OLGA<\/em>,\u00a0Lionel Messi\u00a0mostr\u00f3 su lado m\u00e1s \u00edntimo y humano, lejos de las luces por ser el mejor futbolista del mundo.<\/p>\n\n\n\n<p>En su casa en Miami, Leo recibi\u00f3 al hijo de Pablo Granados, que le pregunt\u00f3 muchas cosas de su d\u00eda a d\u00eda. Incluso se meti\u00f3 en algunos temas \u00edntimos. A tal nivel que sobre el final de la entrevista se anim\u00f3 a consultarle sobre un tema que suele viralizarse en las redes:\u00a0<strong>el tama\u00f1o<\/strong>\u00a0<strong>de sus partes \u00edntimas.<\/strong><\/p>\n\n\n\n<p>\u201cVoy a hacer una pregunta representando a mi grupo de amigos varones, rasos, b\u00e1sicos\u201d, arranc\u00f3 Migue, mientras Leo, que ya se imaginaba lo que se ven\u00eda, empez\u00f3 a tomarse la cara y a re\u00edr. \u201c<strong>No seas&nbsp;<\/strong><em><strong>tonti<\/strong><\/em><strong>. \u00bfQu\u00e9 puede ser tan grande?<\/strong>\u201d, continu\u00f3.<\/p>\n\n\n\n<figure class=\"wp-block-image\"><img decoding=\"async\" src=\"https:\/\/tn.com.ar\/resizer\/lvjnXnxM_XDTAIUztwdc3LGN8tM=\/767x0\/smart\/filters:format(webp)\/cloudfront-us-east-1.images.arcpublishing.com\/artear\/S6UDD5CF5FHZZLMQR2GFRWUA34.jpg\" alt=\"La inc\u00f3moda pregunta de Migue Granados a Lionel Messi, que prefiri\u00f3 no responder. (Foto: Captura Olga).\"\/><figcaption>La inc\u00f3moda pregunta de Migue Granados a Lionel Messi, que prefiri\u00f3 no responder. (Foto: Captura Olga).<\/figcaption><\/figure>\n\n\n\n<h2 class=\"wp-block-heading\">El inc\u00f3modo y llamativo di\u00e1logo entre Messi y Granados<\/h2>\n\n\n\n<p><strong>Migue Granados<\/strong>: -\u00bfSabemos de qu\u00e9 estamos hablando?<\/p>\n\n\n\n<p><strong>Lionel Messi<\/strong>: Me imagino&#8230;<\/p>\n\n\n\n<p><strong>MG<\/strong>: -\u00bfTe da verg\u00fcenza?<\/p>\n\n\n\n<p><strong>LM<\/strong>: -(Risa nerviosa) Cambi\u00e1, cambi\u00e1.<\/p>\n\n\n\n<p><strong>MG<\/strong>: -Viste que se viraliza, encima el short rosa es bravo&#8230;<\/p>\n","protected":false},"excerpt":{"rendered":"<p>Este jueves sali\u00f3 al aire la entrevista que\u00a0Migue Granados\u00a0le hizo a\u00a0Lionel Messi\u00a0para\u00a0So\u00f1\u00e9 que volaba, programa que tiene en\u00a0Olga, su canal de streaming. Desde\u00a0Luzu TV, tomaron la decisi\u00f3n de reaccionar en&hellip; <\/p>\n","protected":false},"author":12,"featured_media":89852,"comment_status":"closed","ping_status":"open","sticky":false,"template":"","format":"standard","meta":{"footnotes":""},"categories":[19],"tags":[],"class_list":["post-89846","post","type-post","status-publish","format-standard","has-post-thumbnail","hentry","category-espectaculos"],"_links":{"self":[{"href":"https:\/\/corrientesdetarde.com\/index.php\/wp-json\/wp\/v2\/posts\/89846","targetHints":{"allow":["GET"]}}],"collection":[{"href":"https:\/\/corrientesdetarde.com\/index.php\/wp-json\/wp\/v2\/posts"}],"about":[{"href":"https:\/\/corrientesdetarde.com\/index.php\/wp-json\/wp\/v2\/types\/post"}],"author":[{"embeddable":true,"href":"https:\/\/corrientesdetarde.com\/index.php\/wp-json\/wp\/v2\/users\/12"}],"replies":[{"embeddable":true,"href":"https:\/\/corrientesdetarde.com\/index.php\/wp-json\/wp\/v2\/comments?post=89846"}],"version-history":[{"count":1,"href":"https:\/\/corrientesdetarde.com\/index.php\/wp-json\/wp\/v2\/posts\/89846\/revisions"}],"predecessor-version":[{"id":89853,"href":"https:\/\/corrientesdetarde.com\/index.php\/wp-json\/wp\/v2\/posts\/89846\/revisions\/89853"}],"wp:featuredmedia":[{"embeddable":true,"href":"https:\/\/corrientesdetarde.com\/index.php\/wp-json\/wp\/v2\/media\/89852"}],"wp:attachment":[{"href":"https:\/\/corrientesdetarde.com\/index.php\/wp-json\/wp\/v2\/media?parent=89846"}],"wp:term":[{"taxonomy":"category","embeddable":true,"href":"https:\/\/corrientesdetarde.com\/index.php\/wp-json\/wp\/v2\/categories?post=89846"},{"taxonomy":"post_tag","embeddable":true,"href":"https:\/\/corrientesdetarde.com\/index.php\/wp-json\/wp\/v2\/tags?post=89846"}],"curies":[{"name":"wp","href":"https:\/\/api.w.org\/{rel}","templated":true}]}}