{"id":89856,"date":"2023-09-22T19:51:28","date_gmt":"2023-09-22T22:51:28","guid":{"rendered":"https:\/\/corrientesdetarde.com\/?p=89856"},"modified":"2023-09-22T19:51:40","modified_gmt":"2023-09-22T22:51:40","slug":"senado-el-frente-de-todos-apura-negociaciones-para-aprobar-el-pliego-de-figueroa-en-la-sesion-por-ganancias","status":"publish","type":"post","link":"https:\/\/corrientesdetarde.com\/index.php\/politica\/senado-el-frente-de-todos-apura-negociaciones-para-aprobar-el-pliego-de-figueroa-en-la-sesion-por-ganancias\/","title":{"rendered":"Senado: el Frente de Todos apura negociaciones para aprobar el pliego de Figueroa en la sesi\u00f3n por Ganancias"},"content":{"rendered":"\n<p>El peronismo pone mucho en juego en las pr\u00f3ximas elecciones del 22 de octubre, por eso lanz\u00f3 una serie de medidas econ\u00f3micas para intentar levantar a magra cosecha de votos. Una de ellas fue la\u00a0reforma del impuesto a las Ganancias, que ya consigui\u00f3 media sanci\u00f3n en Diputados y la semana que viene se tratar\u00e1 en el Senado.<\/p>\n\n\n\n<p>En la sesi\u00f3n de la C\u00e1mara Alta, el kirchnerismo busca meter un pol\u00e9mico tema pendiente, que fue la raz\u00f3n fundamental de bloquear todos los debates anteriores: el tratamiento del pliego de 75 jueces, entre ellos, el de Ana Mar\u00eda\u00a0<strong>Figueroa, una jueza que manejaba causas sensibles vinculadas al kirchnerismo.<\/strong>\u00a0De lograr su cometido, podr\u00eda abrirse\u00a0<strong>un conflicto de poderes con la Justicia,<\/strong>\u00a0en una situaci\u00f3n sin precedentes.<\/p>\n\n\n\n<p>A principios de mes,&nbsp;<strong>la Corte Suprema resolvi\u00f3 por unanimidad apartar de sus funciones a Figueroa<\/strong>, que ocupaba la presidencia de la C\u00e1mara Federal de Casaci\u00f3n Penal. La jueza hab\u00eda cumplido 75 a\u00f1os el 9 de agosto, sin que el oficialismo pudiera aprobar en el Senado su continuidad. La Constituci\u00f3n marca que los magistrados deben jubilarse a los 75 a\u00f1os&nbsp;<strong>a menos que la C\u00e1mara Alta apruebe un acuerdo para que siga en su cargo.<\/strong><\/p>\n\n\n\n<p>La magistrada deb\u00eda fallar sobre la reapertura de la llamada Causa Hotesur-Los Sauces en la que se encuentra imputada la vicepresidenta de la Naci\u00f3n,\u00a0<strong>Cristina Kirchner<\/strong>.<\/p>\n\n\n\n<figure class=\"wp-block-image\"><img decoding=\"async\" src=\"https:\/\/tn.com.ar\/resizer\/ZoLwK_IbMbChMs_V0STN_hG3CE8=\/767x0\/smart\/filters:format(webp)\/cloudfront-us-east-1.images.arcpublishing.com\/artear\/O3VL4JMJIFFBLBLBGVBBAFTTMY.jpg\" alt=\"Ana Mar\u00eda Figueroa, la jueza de la C\u00e1mara Federal de Casaci\u00f3n Penal que debe resolver el sobreseimiento a Cristina Kirchner en la causa Hotesur (Foto: Prensa Senado).\"\/><figcaption>Ana Mar\u00eda Figueroa, la jueza de la C\u00e1mara Federal de Casaci\u00f3n Penal que debe resolver el sobreseimiento a Cristina Kirchner en la causa Hotesur (Foto: Prensa Senado).<\/figcaption><\/figure>\n\n\n\n<p>\u201cLa ratificaci\u00f3n del pliego de Figueroa fue un pedido expreso del Poder Ejecutivo que es lo que corresponde. Ella estuvo en la audiencia p\u00fablica (de la Comisi\u00f3n de Acuerdos), tuvo un comportamiento impecable, no tuvo impugnaciones y, por ahora, no hubo ning\u00fan pedido de retiro del pliego\u201d, asegur\u00f3 el jefe del interbloque del Frente de Todos,<strong>\u00a0Jos\u00e9 Mayans<\/strong>\u00a0en declaraciones a<em>\u00a0El Destape Radio.<\/em><\/p>\n\n\n\n<p>El legislador agreg\u00f3 que \u201cno se puede quitar el pliego de entre los Acuerdos a ratificar por pedido de la Corte\u201d y afirm\u00f3 que<strong>&nbsp;\u201cel que tiene potestad para designar es el Senado\u201d<\/strong>, ya que, explic\u00f3, \u201cla Corte hace una interpretaci\u00f3n ajena a la Constituci\u00f3n\u201d. Mayans advirti\u00f3 que&nbsp;<strong>\u201cla Corte no tiene nada que hacer en este caso. No hay un conflicto de poderes\u201d.<\/strong><\/p>\n\n\n\n<p>El pliego para ratificar a Figueroa fue incluido varias veces en el temario de asuntos a tratar por la C\u00e1mara, pero&nbsp;<strong>la falta de qu\u00f3rum<\/strong>&nbsp;hizo que no se pudiera siquiera debatir en el recinto. En esta oportunidad, la clave pasa nuevamente por el n\u00famero m\u00ednimo de senadores necesario para sesionar. Y un dato alarmante:<strong>&nbsp;la C\u00e1mara Alta sesion\u00f3 una sola vez este a\u00f1o para tratar proyectos de ley.<\/strong><\/p>\n\n\n\n<figure class=\"wp-block-image\"><img decoding=\"async\" src=\"https:\/\/tn.com.ar\/resizer\/0V1AKlLgnPMZjg-p6lcAWIOTtfk=\/767x0\/smart\/filters:format(webp)\/cloudfront-us-east-1.images.arcpublishing.com\/artear\/MF6UUVZBVFHHVFCN3Z54CBMNWU.jpg\" alt=\"En m\u00e1s de una ocasi\u00f3n, se cay\u00f3 la sesi\u00f3n en el Senado en la que el oficialismo buscaba aprobar el pliego de la camarista Ana Mar\u00eda Figueroa, clave en la causa Hotesur (Foto: NA - Charly D\u00edaz Azcu\u00e9).\"\/><figcaption>En m\u00e1s de una ocasi\u00f3n, se cay\u00f3 la sesi\u00f3n en el Senado en la que el oficialismo buscaba aprobar el pliego de la camarista Ana Mar\u00eda Figueroa, clave en la causa Hotesur (Foto: NA &#8211; Charly D\u00edaz Azcu\u00e9).Por:&nbsp;<strong>Charly Diaz Azcue<\/strong><\/figcaption><\/figure>\n\n\n\n<p>Mientras el Frente de Todos apoya el pliego, el interbloque de Juntos por el Cambio y el bloque Unidad Federal, conformado por peronistas disidentes, as\u00ed como Juntos Somos R\u00edo Negro, se niegan a darle el acuerdo a la magistrada.&nbsp;<strong>\u201cVa a dar qu\u00f3rum y votar\u00e1 en contra de Figueroa\u201d<\/strong>, se\u00f1alaron a&nbsp;<strong>TN<\/strong>&nbsp;desde el entorno del Senador y gobernador electo de R\u00edo Negro,&nbsp;<strong>Alberto Weretilneck.<\/strong><\/p>\n\n\n\n<p>\u201cLo que busca el oficialismo al insistir con el pliego de Figueroa es<strong>&nbsp;romper el orden institucional.<\/strong>&nbsp;Ya el m\u00e1ximo tribunal de Justicia se ha pronunciado\u201d, dijo el jefe del interbloque de Juntos por el Cambio,&nbsp;<strong>Alfredo Cornejo<\/strong>, ante la requisitoria de la agencia de noticias<em>&nbsp;T\u00e9lam<\/em>. El senador mendocino agreg\u00f3: \u201cEl kirchnerismo vuelve a la carga y cada vez se evidencia que detr\u00e1s de su obsesi\u00f3n est\u00e1 la mano de Cristina Fern\u00e1ndez de Kirchner en<strong>&nbsp;b\u00fasqueda de su impunidad<\/strong>\u201d.<\/p>\n\n\n\n<p>En su momento, tanto Weretilneck, como Guillermo Snopek (Jujuy) y Edgardo Kueider (Entre R\u00edos) no acompa\u00f1aron la sesi\u00f3n y se cayeron las posibilidades del oficialismo. \u201cEs una locura lo que pretenden. Van a sentar un antecedente \u00fanico en el pa\u00eds. Un conflicto de divisi\u00f3n de poderes y de la constituci\u00f3n que es peligroso. Sobre todo en un escenario con Milei. Espero que Snopeck, Kueider y Weretilneck no accedan a esa locura\u201d, advert\u00eda este jueves uno de los principales referentes de Juntos por el Cambio.<\/p>\n","protected":false},"excerpt":{"rendered":"<p>El peronismo pone mucho en juego en las pr\u00f3ximas elecciones del 22 de octubre, por eso lanz\u00f3 una serie de medidas econ\u00f3micas para intentar levantar a magra cosecha de votos.&hellip; <\/p>\n","protected":false},"author":12,"featured_media":89857,"comment_status":"closed","ping_status":"open","sticky":false,"template":"","format":"standard","meta":{"footnotes":""},"categories":[3],"tags":[],"class_list":["post-89856","post","type-post","status-publish","format-standard","has-post-thumbnail","hentry","category-politica"],"_links":{"self":[{"href":"https:\/\/corrientesdetarde.com\/index.php\/wp-json\/wp\/v2\/posts\/89856","targetHints":{"allow":["GET"]}}],"collection":[{"href":"https:\/\/corrientesdetarde.com\/index.php\/wp-json\/wp\/v2\/posts"}],"about":[{"href":"https:\/\/corrientesdetarde.com\/index.php\/wp-json\/wp\/v2\/types\/post"}],"author":[{"embeddable":true,"href":"https:\/\/corrientesdetarde.com\/index.php\/wp-json\/wp\/v2\/users\/12"}],"replies":[{"embeddable":true,"href":"https:\/\/corrientesdetarde.com\/index.php\/wp-json\/wp\/v2\/comments?post=89856"}],"version-history":[{"count":1,"href":"https:\/\/corrientesdetarde.com\/index.php\/wp-json\/wp\/v2\/posts\/89856\/revisions"}],"predecessor-version":[{"id":89859,"href":"https:\/\/corrientesdetarde.com\/index.php\/wp-json\/wp\/v2\/posts\/89856\/revisions\/89859"}],"wp:featuredmedia":[{"embeddable":true,"href":"https:\/\/corrientesdetarde.com\/index.php\/wp-json\/wp\/v2\/media\/89857"}],"wp:attachment":[{"href":"https:\/\/corrientesdetarde.com\/index.php\/wp-json\/wp\/v2\/media?parent=89856"}],"wp:term":[{"taxonomy":"category","embeddable":true,"href":"https:\/\/corrientesdetarde.com\/index.php\/wp-json\/wp\/v2\/categories?post=89856"},{"taxonomy":"post_tag","embeddable":true,"href":"https:\/\/corrientesdetarde.com\/index.php\/wp-json\/wp\/v2\/tags?post=89856"}],"curies":[{"name":"wp","href":"https:\/\/api.w.org\/{rel}","templated":true}]}}