{"id":89860,"date":"2023-09-22T20:00:54","date_gmt":"2023-09-22T23:00:54","guid":{"rendered":"https:\/\/corrientesdetarde.com\/?p=89860"},"modified":"2023-09-22T20:00:59","modified_gmt":"2023-09-22T23:00:59","slug":"estudiantes-participaron-de-un-recorrido-guiadopor-la-reserva-natural-de-santa-catalina","status":"publish","type":"post","link":"https:\/\/corrientesdetarde.com\/index.php\/informacion-general\/estudiantes-participaron-de-un-recorrido-guiadopor-la-reserva-natural-de-santa-catalina\/","title":{"rendered":"Estudiantes participaron de un recorrido guiadopor la Reserva Natural de Santa Catalina"},"content":{"rendered":"\n<p><em>En el marco del Mes de la Juventud y con inscripci\u00f3n previa, unas 50 personas pudieron conocer la flora y la fauna de ese sector de la ciudad. Adem\u00e1s, la Municipalidad est\u00e1 programando otras visitas para los pr\u00f3ximos meses. Tambi\u00e9n, durante octubre, est\u00e1 previsto el lanzamiento de un concurso de fotograf\u00eda.<\/em><\/p>\n\n\n\n<p>En el marco del Mes de la Juventud, la Municipalidad de Corrientes organiz\u00f3 este jueves un recorrido por la Reserva Natural de Santa Catalina destinado a estudiantes y vecinos en general. En total 50 personas participaron de la actividad gratuita.<br><br>El secretario de Coordinaci\u00f3n de Gobierno y el titular del Comit\u00e9 Ejecutivo de la Reserva Natural, Hugo Calvano, particip\u00f3 de la actividad y destac\u00f3 que los vecinos tengan la posibilidad de conocer este pulm\u00f3n verde de la ciudad.<br><\/p>\n\n\n\n<figure class=\"wp-block-embed is-type-video is-provider-youtube wp-block-embed-youtube wp-embed-aspect-16-9 wp-has-aspect-ratio\"><div class=\"wp-block-embed__wrapper\">\n<iframe loading=\"lazy\" title=\"Visita a la Reserva Natural Santa Catalina\" width=\"1110\" height=\"624\" src=\"https:\/\/www.youtube.com\/embed\/4gJp8nUH0LY?feature=oembed\" frameborder=\"0\" allow=\"accelerometer; autoplay; clipboard-write; encrypted-media; gyroscope; picture-in-picture; web-share\" allowfullscreen><\/iframe>\n<\/div><\/figure>\n\n\n\n<p>\u201cVan a poder conocer de primera mano lo que se viene haciendo por parte de la gesti\u00f3n municipal, cont\u00e1ndoles todo este trabajo que se empez\u00f3 desde que asumi\u00f3 el intendente, Eduardo Tassano, de primero cuidar, preservar y finalmente como estamos hoy, empezar a abrir a la comunidad, empezar a disfrutar de esta Reserva Natural\u201d, afirm\u00f3 el funcionario.<br><br>En ese sentido, el funcionario sostuvo que adem\u00e1s, a los j\u00f3venes se les explica que \u201cestamos en el medio de un Plan Maestro que se est\u00e1 ejecutando, que en el mediano plazo nosotros esperamos que esto est\u00e9 abierto ya para el visitante, para el turista, para el vecino, de esa manera seguimos contribuyendo a que la gente conozca para que luego de conocer se apropie, defienda, cuide y esto sea un patrimonio de todos\u201d.<br><br>A su vez, Calvano destac\u00f3 que \u201clo m\u00e1s importante es que el vecino al conocer este lugar lo pueda querer, lo pueda cuidar y esto es algo que tenemos que mantener y que preservar a futuro entre todos los correntinos\u201d.<br><br>Resalt\u00f3 que \u201cson 275 hect\u00e1reas naturales que limitan con el Riachuelo, con el r\u00edo Paran\u00e1, que est\u00e1n a minutos de la ciudad y que contribuyen al plan ambiental, contribuyen a absorber el di\u00f3xido de carbono que generamos, pero adem\u00e1s tambi\u00e9n son una oportunidad de desarrollo econ\u00f3mico a trav\u00e9s del ecoturismo\u201d.<br><br>RECORRIDA<br><br>Con inscripci\u00f3n previa, las 50 personas que participaron fueron divididas en dos grupos y pudieron recorrer la Reserva Natural de Santa Catalina, acompa\u00f1adas de los respectivos gu\u00edas.<br><br>La directora general de Coordinaci\u00f3n, Cruz Silvero, coment\u00f3 que \u201clos j\u00f3venes vinieron a pasar el D\u00eda del Estudiante y el d\u00eda de la primavera, realizando un recorrido por el sendero rojo y el sendero amarillo, que les permiti\u00f3 conocer la flora, la fauna, la funga y tambi\u00e9n les brindamos un mensaje de por qu\u00e9 es importante cuidar, respetar y proteger la Reserva\u201d.<br><br>La funcionaria precis\u00f3 que en esta oportunidad hubo una \u201cgran repercusi\u00f3n cuando lanzamos una inscripci\u00f3n y en las primeras 24 horas se agot\u00f3 el cupo, por lo que en octubre y noviembre estaremos realizando otros recorridos, as\u00ed que las personas que no lograron participar ahora podr\u00e1n hacerlo escribiendo a las redes de Muni Joven (MuniJoven.ok)\u201d.<br><br>Adem\u00e1s, adelant\u00f3 que \u201cdurante el mes de octubre, las personas que estuvieron visitando la Reserva todo este tiempo, van a poder participar de un concurso de fotograf\u00eda que se lanzar\u00e1 en las redes, para que puedan difundir la riqueza natural que tenemos en Corrientes\u201d.<br><br>Entre tanto, Cristian Aguirre, estudiante de la Licenciatura de Turismo, quien visit\u00f3 por primera vez la Reserva, destac\u00f3 la oportunidad que les brind\u00f3 la Municipalidad. \u201cEs importante conocer este lugar de la ciudad, sab\u00eda de la existencia, pero no hab\u00eda tenido la oportunidad de venir\u201d, dijo.<\/p>\n","protected":false},"excerpt":{"rendered":"<p>En el marco del Mes de la Juventud y con inscripci\u00f3n previa, unas 50 personas pudieron conocer la flora y la fauna de ese sector de la ciudad. Adem\u00e1s, la&hellip; <\/p>\n","protected":false},"author":12,"featured_media":89861,"comment_status":"closed","ping_status":"open","sticky":false,"template":"","format":"standard","meta":{"footnotes":""},"categories":[1],"tags":[],"class_list":["post-89860","post","type-post","status-publish","format-standard","has-post-thumbnail","hentry","category-informacion-general"],"_links":{"self":[{"href":"https:\/\/corrientesdetarde.com\/index.php\/wp-json\/wp\/v2\/posts\/89860","targetHints":{"allow":["GET"]}}],"collection":[{"href":"https:\/\/corrientesdetarde.com\/index.php\/wp-json\/wp\/v2\/posts"}],"about":[{"href":"https:\/\/corrientesdetarde.com\/index.php\/wp-json\/wp\/v2\/types\/post"}],"author":[{"embeddable":true,"href":"https:\/\/corrientesdetarde.com\/index.php\/wp-json\/wp\/v2\/users\/12"}],"replies":[{"embeddable":true,"href":"https:\/\/corrientesdetarde.com\/index.php\/wp-json\/wp\/v2\/comments?post=89860"}],"version-history":[{"count":1,"href":"https:\/\/corrientesdetarde.com\/index.php\/wp-json\/wp\/v2\/posts\/89860\/revisions"}],"predecessor-version":[{"id":89862,"href":"https:\/\/corrientesdetarde.com\/index.php\/wp-json\/wp\/v2\/posts\/89860\/revisions\/89862"}],"wp:featuredmedia":[{"embeddable":true,"href":"https:\/\/corrientesdetarde.com\/index.php\/wp-json\/wp\/v2\/media\/89861"}],"wp:attachment":[{"href":"https:\/\/corrientesdetarde.com\/index.php\/wp-json\/wp\/v2\/media?parent=89860"}],"wp:term":[{"taxonomy":"category","embeddable":true,"href":"https:\/\/corrientesdetarde.com\/index.php\/wp-json\/wp\/v2\/categories?post=89860"},{"taxonomy":"post_tag","embeddable":true,"href":"https:\/\/corrientesdetarde.com\/index.php\/wp-json\/wp\/v2\/tags?post=89860"}],"curies":[{"name":"wp","href":"https:\/\/api.w.org\/{rel}","templated":true}]}}