{"id":89863,"date":"2023-09-22T20:28:16","date_gmt":"2023-09-22T23:28:16","guid":{"rendered":"https:\/\/corrientesdetarde.com\/?p=89863"},"modified":"2023-09-22T20:28:27","modified_gmt":"2023-09-22T23:28:27","slug":"asumieron-juezas-de-falta-paso-a-paso-consolidamostodo-un-proceso-de-modernizacion-resalto-tassano","status":"publish","type":"post","link":"https:\/\/corrientesdetarde.com\/index.php\/actualidad\/asumieron-juezas-de-falta-paso-a-paso-consolidamostodo-un-proceso-de-modernizacion-resalto-tassano\/","title":{"rendered":"Asumieron juezas de falta: \u201cPaso a paso consolidamostodo un proceso de modernizaci\u00f3n\u201d, resalt\u00f3 Tassano"},"content":{"rendered":"\n<p>Asumieron nuevas titulares de los Juzgados de Faltas N\u00b02 y N\u00b03 en un acto encabezado por el intendente Eduardo Tassano, quien en la ocasi\u00f3n destac\u00f3 que \u201ciniciamos un proceso de modernizaci\u00f3n en el cual dotamos de tecnolog\u00eda al tribunal para una mayor eficacia y eficiencia\u201d.<br>En la ceremonia llevada a cabo en la ma\u00f1ana de este viernes en el edificio de avenida Artigas al 1100, juraron y tomaron posesi\u00f3n del cargo Gelena Thomas y Mar\u00eda Estela Ayala cubriendo las vacantes en los juzgados 2 y 3, respectivamente, que funcionan bajo la \u00f3rbita de la Municipalidad.<br>En total son seis los juzgados de este tipo en Capital y con el nuevo proceso institucional se busca eficientizar la labor de estos organismos y que \u2013como siempre- redunde en beneficio de la ciudadan\u00eda. Resta a\u00fan un tercer nombramiento.<br>Los Tribunales Administrativos de Faltas tienen como competencia el juzgamiento y sanci\u00f3n de las faltas, infracciones y contravenciones a las normas municipales o de otra jurisdicci\u00f3n cuya aplicaci\u00f3n corresponda a la Municipalidad.<br>Al acto tambi\u00e9n asistieron el viceintendente, Emilio Lanari; el secretario de Coordinaci\u00f3n de Gobierno municipal, Hugo Calvano; el extitular del Juzgado de Falta N\u00b04, Guillermo Gutnisky (quien recientemente se jubil\u00f3 en el cargo); secretarios, funcionarios e invitados especiales. \u00a0\u00a0<br>\u00a0<br>PROCESO DE CAMBIOS EN MARCHA<br>\u201cEstamos muy contentos porque en todos estos a\u00f1os, paso a paso, llevamos todo un proceso de modernizaci\u00f3n en el cual incorporamos a los Tribunales de Faltas como parte del equipo municipal\u201d, comenz\u00f3 diciendo el intendente al hacer uso de la palabra en el acto de asunci\u00f3n de las nuevas juezas.<br>En este marco, tambi\u00e9n expres\u00f3 su agradecimiento al doctor Gutnisky, \u201cpor su dedicaci\u00f3n y voluntad para apoyar el cambio institucional que estamos llevando a cabo\u201d, indic\u00f3 Tassano.<br>\u201cIniciamos un proceso de modernizaci\u00f3n en el cual dotamos de tecnolog\u00eda al tribunal para una mayor eficacia y eficiencia, porque en el Municipio, adem\u00e1s de atender cuestiones b\u00e1sicas de la ciudad, somos una empresa que brinda servicios para los ciudadanos\u201d, afirm\u00f3 y luego agreg\u00f3: \u201cAunque no es agradable cobrar multas, tenemos que hacerlo y con la mayor dedicaci\u00f3n y eficiencia en el servicio a los vecinos\u201d.<br>Tambi\u00e9n remarc\u00f3 que \u201cestos tribunales constituyen uno de los puntos de mayor contacto con el vecino, que busca resolver determinadas situaciones, por lo cual aqu\u00ed se busca siempre mantener el equilibrio de la convivencia ciudadana. Todos buscamos eso\u201d, asever\u00f3 el intendente.<br>En este sentido se\u00f1al\u00f3: \u201cCon Emilio Lanari, con Hugo Calvano y todo el equipo, asumimos esa situaci\u00f3n y empezamos con los cambios que cada vez son m\u00e1s firmes\u201d.<br>Finalmente, ratific\u00f3 al proceso de modernizaci\u00f3n como un eje central en la gesti\u00f3n que encabeza, a la vez que sostuvo: \u201cNo solo se aplica ese concepto en el \u00e1mbito tecnol\u00f3gico sino tambi\u00e9n con las juezas j\u00f3venes que hoy asumen, quienes le imprimir\u00e1n -sin dudas- toda fuerza y talento a su labor\u201d.<br>\u00a0<br>JUEZA THOMAS: \u201cES UN GRAN DESAF\u00cdO\u201d<br>Por su parte, la flamante juez de faltas Gelena Thomas, destac\u00f3 que \u201cesta designaci\u00f3n es\u00a0un gran desaf\u00edo porque la propuesta que se viene llevando delante para los cambios en los Juzgados de Faltas, abre un escenario muy especial\u201d.<br>Asimismo, adelant\u00f3 que en su gesti\u00f3n \u201cqueremos darle una impronta personal al juzgado y al tribunal, acompa\u00f1ando arm\u00f3nicamente la gesti\u00f3n municipal\u201d.<br>En materia de modernizaci\u00f3n, la jueza Thomas sostuvo que \u201ccomenzamos a implementar la digitalizaci\u00f3n en el tribunal y nos estamos preparando para hacerlo en el Juzgado 2. Y los cambios tecnol\u00f3gicos y la modernizaci\u00f3n en general es una de las consignas centrales que el intendente nos plante\u00f3 para poder trabajar de manera m\u00e1s eficiente\u201d, concluy\u00f3.<br>\u00a0<br>JUEZA AYALA: \u201cAGRADEZCO LA OPORTUNIDAD\u201d<br>Tras el acto de asunci\u00f3n, la jueza de falta Mar\u00eda Estela Ayala, ahora a cargo del Juzgado N\u00b03, manifest\u00f3 su satisfacci\u00f3n por el nuevo rol que cumplir\u00e1. \u201cEs una gran oportunidad estar al frente del juzgado con toda la responsabilidad que eso implica. Es un gran desaf\u00edo que lo asumir\u00e9 con mucha responsabilidad\u201d, subray\u00f3.<br>\u201cVamos a hacer todo lo posible para tratar de mejorar el funcionamiento del juzgado. Y uno de los objetivos del intendente es modernizar la ciudad, as\u00ed que eso ser\u00e1 tambi\u00e9n uno de los ejes de la labor que desempe\u00f1aremos a partir de ahora\u201d, se\u00f1al\u00f3.<br>En el final, Ayala destac\u00f3: \u201cHoy estamos apuntando al expediente digital y a tratar de hacer la mayor cantidad de tr\u00e1mites v\u00eda online\u201d.<\/p>\n\n\n\n<figure class=\"wp-block-image size-large\"><img loading=\"lazy\" decoding=\"async\" width=\"1024\" height=\"683\" src=\"https:\/\/corrientesdetarde.com\/wp-content\/uploads\/2023\/09\/jf-1-1024x683.jpg\" alt=\"\" class=\"wp-image-89868\" srcset=\"https:\/\/corrientesdetarde.com\/wp-content\/uploads\/2023\/09\/jf-1-1024x683.jpg 1024w, https:\/\/corrientesdetarde.com\/wp-content\/uploads\/2023\/09\/jf-1-300x200.jpg 300w, https:\/\/corrientesdetarde.com\/wp-content\/uploads\/2023\/09\/jf-1-768x512.jpg 768w, https:\/\/corrientesdetarde.com\/wp-content\/uploads\/2023\/09\/jf-1.jpg 1260w\" sizes=\"auto, (max-width: 1024px) 100vw, 1024px\" \/><\/figure>\n\n\n\n<figure class=\"wp-block-image size-large\"><img loading=\"lazy\" decoding=\"async\" width=\"1024\" height=\"683\" src=\"https:\/\/corrientesdetarde.com\/wp-content\/uploads\/2023\/09\/jf-2-1024x683.jpg\" alt=\"\" class=\"wp-image-89869\" srcset=\"https:\/\/corrientesdetarde.com\/wp-content\/uploads\/2023\/09\/jf-2-1024x683.jpg 1024w, https:\/\/corrientesdetarde.com\/wp-content\/uploads\/2023\/09\/jf-2-300x200.jpg 300w, https:\/\/corrientesdetarde.com\/wp-content\/uploads\/2023\/09\/jf-2-768x512.jpg 768w, https:\/\/corrientesdetarde.com\/wp-content\/uploads\/2023\/09\/jf-2.jpg 1260w\" sizes=\"auto, (max-width: 1024px) 100vw, 1024px\" \/><\/figure>\n","protected":false},"excerpt":{"rendered":"<p>Asumieron nuevas titulares de los Juzgados de Faltas N\u00b02 y N\u00b03 en un acto encabezado por el intendente Eduardo Tassano, quien en la ocasi\u00f3n destac\u00f3 que \u201ciniciamos un proceso de&hellip; <\/p>\n","protected":false},"author":12,"featured_media":89870,"comment_status":"closed","ping_status":"open","sticky":false,"template":"","format":"standard","meta":{"footnotes":""},"categories":[23],"tags":[],"class_list":["post-89863","post","type-post","status-publish","format-standard","has-post-thumbnail","hentry","category-actualidad"],"_links":{"self":[{"href":"https:\/\/corrientesdetarde.com\/index.php\/wp-json\/wp\/v2\/posts\/89863","targetHints":{"allow":["GET"]}}],"collection":[{"href":"https:\/\/corrientesdetarde.com\/index.php\/wp-json\/wp\/v2\/posts"}],"about":[{"href":"https:\/\/corrientesdetarde.com\/index.php\/wp-json\/wp\/v2\/types\/post"}],"author":[{"embeddable":true,"href":"https:\/\/corrientesdetarde.com\/index.php\/wp-json\/wp\/v2\/users\/12"}],"replies":[{"embeddable":true,"href":"https:\/\/corrientesdetarde.com\/index.php\/wp-json\/wp\/v2\/comments?post=89863"}],"version-history":[{"count":1,"href":"https:\/\/corrientesdetarde.com\/index.php\/wp-json\/wp\/v2\/posts\/89863\/revisions"}],"predecessor-version":[{"id":89871,"href":"https:\/\/corrientesdetarde.com\/index.php\/wp-json\/wp\/v2\/posts\/89863\/revisions\/89871"}],"wp:featuredmedia":[{"embeddable":true,"href":"https:\/\/corrientesdetarde.com\/index.php\/wp-json\/wp\/v2\/media\/89870"}],"wp:attachment":[{"href":"https:\/\/corrientesdetarde.com\/index.php\/wp-json\/wp\/v2\/media?parent=89863"}],"wp:term":[{"taxonomy":"category","embeddable":true,"href":"https:\/\/corrientesdetarde.com\/index.php\/wp-json\/wp\/v2\/categories?post=89863"},{"taxonomy":"post_tag","embeddable":true,"href":"https:\/\/corrientesdetarde.com\/index.php\/wp-json\/wp\/v2\/tags?post=89863"}],"curies":[{"name":"wp","href":"https:\/\/api.w.org\/{rel}","templated":true}]}}