{"id":89901,"date":"2023-09-23T08:24:19","date_gmt":"2023-09-23T11:24:19","guid":{"rendered":"https:\/\/corrientesdetarde.com\/?p=89901"},"modified":"2023-09-23T08:24:30","modified_gmt":"2023-09-23T11:24:30","slug":"coty-romero-me-senti-feliz-de-poder-cantar-con-los-alonsitos","status":"publish","type":"post","link":"https:\/\/corrientesdetarde.com\/index.php\/espectaculos\/coty-romero-me-senti-feliz-de-poder-cantar-con-los-alonsitos\/","title":{"rendered":"&#8220;Coty&#8221; Romero: &#8220;Me sent\u00ed feliz de poder cantar con Los Alonsitos&#8221;"},"content":{"rendered":"\n<p>El grupo grab\u00f3 ayer junto a la exintegrante de GH el cl\u00e1sico &#8220;A\u00f1oranzas&#8221;. El material estar\u00e1 en breve en las plataformas virtuales y en el programa Bailando 2023.<\/p>\n\n\n\n<p>La idea se gest\u00f3 en la \u00faltima edici\u00f3n del Carnaval de Corrientes y ayer, Mar\u00eda Constanza &#8220;Coty&#8221; Romero y Los Alonsitos concretaron la grabaci\u00f3n del cl\u00e1sico chamam\u00e9 &#8220;A\u00f1oranzas&#8221; en Buenos Aires. &#8220;Es la primera vez que grabo un tema, por suerte lo pude concretar con estos genios&#8221;, dijo la exintegrante de Gran Hermano (GH) en di\u00e1logo con \u00e9poca.<\/p>\n\n\n\n<p>An\u00e9cdotas, rondas de mates y muy buena onda acompa\u00f1aron la previa a la grabaci\u00f3n del cl\u00e1sico tema con letra de Salvador Miqueri y m\u00fasica de Eustaquio Vera. Todo en el mes del chamam\u00e9. &#8220;Estoy re contenta, porque hace much\u00edsimo tiempo que ten\u00eda ganas de que se me escuche cantar. Si bien no es lo que quiero hacer, quiz\u00e1s todav\u00eda, pero me puso muy contenta poder hacerlo&#8221;, explic\u00f3 &#8220;Coty&#8221; en di\u00e1logo con \u00e9poca. En este contexto, coment\u00f3 que fue el tema que cant\u00f3 en la casa de GH y al salir del reality &#8220;recib\u00ed un mensajito de Los Alonsitos, dici\u00e9ndome que les gustar\u00eda mucho grabar un tema conmigo. Me puso muy feliz&#8221;, dijo.<\/p>\n\n\n\n<p>Sobre el encuentro con los m\u00fasicos, coment\u00f3 que se reuni\u00f3 durante su visita a Corrientes en pleno Carnaval 2023, dialogaron pero no se hab\u00eda concretado nada hasta ayer. &#8220;Fue una experiencia hermosa, me hicieron sentir c\u00f3moda en todo momento, me sent\u00ed segura y eso que no tuve una sola clase de canto, me hicieron sentir muy c\u00f3moda&#8221;, coment\u00f3.<\/p>\n\n\n\n<p>A esto a\u00f1adi\u00f3 que &#8220;los chicos (Los Alonsitos) son personas incre\u00edbles, como somos los correntinos&#8221;, coment\u00f3 entre risas y a\u00f1adi\u00f3: &#8220;Me sent\u00ed feliz de poder cantar con ellos. Estoy con muchas ansias y emoci\u00f3n de que salga el tema para poder cantarlo en el Bailando&#8221;, dijo &#8220;Coty&#8221;, quien estar\u00e1 con Los Alonsitos en el show de Marcelo Tinelli. Todo esto a una semana de que el carnaval copara la parada del Bailando 2023.<\/p>\n\n\n\n<h2 class=\"wp-block-heading\">El grupo vuelve a La Trastienda<\/h2>\n\n\n\n<figure class=\"wp-block-image\"><img decoding=\"async\" src=\"https:\/\/www.diarioepoca.com\/content\/bucket\/7\/1321317w380h190c.png.webp\" alt=\"\"\/><\/figure>\n\n\n\n<p>Los Alonsitos se encuentran en Buenos Aires, no solo para grabar con &#8220;Coty&#8221; Romero, sino tambi\u00e9n por el show que presentar\u00e1n esta noche en el escenario de La Trastienda. Despu\u00e9s de 38 a\u00f1os de trayectoria, no hay dudas de que la banda correntina dej\u00f3 una marca imborrable y su presencia en la ciudad de Buenos Aires es muy significativa. De hecho, a lo largo de su carrera, tocaron casi todos los a\u00f1os ante el p\u00fablico porte\u00f1o.<\/p>\n\n\n\n<p>Es as\u00ed que los fan\u00e1ticos podr\u00e1n reencontrarse con Los Alonsitos y disfrutar, entre muchas otras canciones, de su reciente single &#8220;Cielo de Mantilla&#8221;, que grabaron junto a Ofelia Leiva y presentado en julio pasado. &#8220;Vamos a celebrar el mes del chamam\u00e9&#8221;, expresaron.<\/p>\n","protected":false},"excerpt":{"rendered":"<p>El grupo grab\u00f3 ayer junto a la exintegrante de GH el cl\u00e1sico &#8220;A\u00f1oranzas&#8221;. El material estar\u00e1 en breve en las plataformas virtuales y en el programa Bailando 2023. La idea&hellip; <\/p>\n","protected":false},"author":3,"featured_media":89902,"comment_status":"closed","ping_status":"open","sticky":false,"template":"","format":"standard","meta":{"footnotes":""},"categories":[19],"tags":[],"class_list":["post-89901","post","type-post","status-publish","format-standard","has-post-thumbnail","hentry","category-espectaculos"],"_links":{"self":[{"href":"https:\/\/corrientesdetarde.com\/index.php\/wp-json\/wp\/v2\/posts\/89901","targetHints":{"allow":["GET"]}}],"collection":[{"href":"https:\/\/corrientesdetarde.com\/index.php\/wp-json\/wp\/v2\/posts"}],"about":[{"href":"https:\/\/corrientesdetarde.com\/index.php\/wp-json\/wp\/v2\/types\/post"}],"author":[{"embeddable":true,"href":"https:\/\/corrientesdetarde.com\/index.php\/wp-json\/wp\/v2\/users\/3"}],"replies":[{"embeddable":true,"href":"https:\/\/corrientesdetarde.com\/index.php\/wp-json\/wp\/v2\/comments?post=89901"}],"version-history":[{"count":1,"href":"https:\/\/corrientesdetarde.com\/index.php\/wp-json\/wp\/v2\/posts\/89901\/revisions"}],"predecessor-version":[{"id":89903,"href":"https:\/\/corrientesdetarde.com\/index.php\/wp-json\/wp\/v2\/posts\/89901\/revisions\/89903"}],"wp:featuredmedia":[{"embeddable":true,"href":"https:\/\/corrientesdetarde.com\/index.php\/wp-json\/wp\/v2\/media\/89902"}],"wp:attachment":[{"href":"https:\/\/corrientesdetarde.com\/index.php\/wp-json\/wp\/v2\/media?parent=89901"}],"wp:term":[{"taxonomy":"category","embeddable":true,"href":"https:\/\/corrientesdetarde.com\/index.php\/wp-json\/wp\/v2\/categories?post=89901"},{"taxonomy":"post_tag","embeddable":true,"href":"https:\/\/corrientesdetarde.com\/index.php\/wp-json\/wp\/v2\/tags?post=89901"}],"curies":[{"name":"wp","href":"https:\/\/api.w.org\/{rel}","templated":true}]}}