{"id":89904,"date":"2023-09-23T08:25:30","date_gmt":"2023-09-23T11:25:30","guid":{"rendered":"https:\/\/corrientesdetarde.com\/?p=89904"},"modified":"2023-09-23T08:25:31","modified_gmt":"2023-09-23T11:25:31","slug":"apuesta-a-la-educacion-y-entrega-de-viviendas","status":"publish","type":"post","link":"https:\/\/corrientesdetarde.com\/index.php\/locales\/apuesta-a-la-educacion-y-entrega-de-viviendas\/","title":{"rendered":"Apuesta a la educaci\u00f3n y entrega de viviendas"},"content":{"rendered":"\n<p>Ayer, el Gobernador junto a su comitiva recorrieron Gobernador Virasoro para dar apertura al nuevo edificio de la Escuela Especial N\u00ba16 de la localidad.<\/p>\n\n\n\n<p>All\u00ed, el Mandatario ratific\u00f3 una vez m\u00e1s la fuerte &#8220;apuesta hacia la educaci\u00f3n p\u00fablica de calidad&#8221; y, en ese sentido, mencion\u00f3 que la Provincia ya lleva inaugurados 150 nuevos establecimientos educativos a lo largo y a lo ancho de Corrientes.<\/p>\n\n\n\n<p>A su vez, el Gobernador expres\u00f3 su orgullo y alegr\u00eda por poder inaugurar este establecimiento destinado a la educaci\u00f3n especial, que significa mayor inclusi\u00f3n y dej\u00f3 en claro: &#8220;Vamos a seguir por este camino sin bajar los brazos, ya que tenemos la fuerza y la firme convicci\u00f3n de que es lo mejor para salir adelante&#8221;.<\/p>\n\n\n\n<p>Luego, continuando su visita en Gobernador Virasoro, Gustavo Vald\u00e9s encabez\u00f3 la entrega de 659 notebooks del programa &#8220;Incluir Futuro&#8221;, a siete establecimientos educativos, en un acto desarrollado en la Escuela Normal &#8220;Paula A. de Sarmiento&#8221;.<\/p>\n\n\n\n<p>As\u00ed, ya se suman dos mil computadoras brindadas a la comuna. En la ocasi\u00f3n, el jefe comunal virasore\u00f1o, Emiliano Fern\u00e1ndez, felicit\u00f3 al Gobierno provincial &#8220;por su pol\u00edtica de inversi\u00f3n&#8221; hacia la educaci\u00f3n p\u00fablica.<\/p>\n\n\n\n<p>Ya en Santo Tom\u00e9, Vald\u00e9s junto a la ministra de Educaci\u00f3n, Pr\u00e1xedes L\u00f3pez, entregaron 602 notebooks m\u00e1s del programa &#8220;Incluir Futuro&#8221;, a estudiantes secundarios. El acto tuvo lugar en la Escuela Normal &#8220;Profesor V\u00edctor Mercante&#8221; de dicha ciudad, donde el Mandatario remarc\u00f3 que el mencionado programa provincial &#8220;tiene una mirada diferente respecto de la educaci\u00f3n&#8221;.<\/p>\n\n\n\n<p>Con estas 602 computadoras m\u00e1s para Santo Tom\u00e9, &#8220;estamos completando cerca de los dos mil dispositivos entregados ya en esta ciudad&#8221;, remarc\u00f3 el Gobernador.<\/p>\n\n\n\n<h2 class=\"wp-block-heading\">Entrega de viviendas<\/h2>\n\n\n\n<p>Por otro lado, para dar cierre a la jornada de actividades, la comitiva entreg\u00f3 100 nuevos hogares en la zona sur de la ciudad de Santo Tom\u00e9.<\/p>\n\n\n\n<p>Durante el acto, tambi\u00e9n anunci\u00f3 la construcci\u00f3n de otros 100 m\u00f3dulos habitacionales en la barriada, m\u00e1s pavimentaci\u00f3n para mejorar la transitabilidad.<\/p>\n\n\n\n<p>Cabe destacar que estas casas se realizaron mediante el Fondo Nacional de la Vivienda, aclarando que este \u00faltimo aport\u00f3 el 40% del financiamiento y el 60% restante estuvo a cargo de la Provincia. &#8220;De otra forma, no se hubieran terminado estas viviendas&#8221;, declar\u00f3.<\/p>\n","protected":false},"excerpt":{"rendered":"<p>Ayer, el Gobernador junto a su comitiva recorrieron Gobernador Virasoro para dar apertura al nuevo edificio de la Escuela Especial N\u00ba16 de la localidad. All\u00ed, el Mandatario ratific\u00f3 una vez&hellip; <\/p>\n","protected":false},"author":3,"featured_media":89905,"comment_status":"closed","ping_status":"open","sticky":false,"template":"","format":"standard","meta":{"footnotes":""},"categories":[8],"tags":[],"class_list":["post-89904","post","type-post","status-publish","format-standard","has-post-thumbnail","hentry","category-locales"],"_links":{"self":[{"href":"https:\/\/corrientesdetarde.com\/index.php\/wp-json\/wp\/v2\/posts\/89904","targetHints":{"allow":["GET"]}}],"collection":[{"href":"https:\/\/corrientesdetarde.com\/index.php\/wp-json\/wp\/v2\/posts"}],"about":[{"href":"https:\/\/corrientesdetarde.com\/index.php\/wp-json\/wp\/v2\/types\/post"}],"author":[{"embeddable":true,"href":"https:\/\/corrientesdetarde.com\/index.php\/wp-json\/wp\/v2\/users\/3"}],"replies":[{"embeddable":true,"href":"https:\/\/corrientesdetarde.com\/index.php\/wp-json\/wp\/v2\/comments?post=89904"}],"version-history":[{"count":1,"href":"https:\/\/corrientesdetarde.com\/index.php\/wp-json\/wp\/v2\/posts\/89904\/revisions"}],"predecessor-version":[{"id":89906,"href":"https:\/\/corrientesdetarde.com\/index.php\/wp-json\/wp\/v2\/posts\/89904\/revisions\/89906"}],"wp:featuredmedia":[{"embeddable":true,"href":"https:\/\/corrientesdetarde.com\/index.php\/wp-json\/wp\/v2\/media\/89905"}],"wp:attachment":[{"href":"https:\/\/corrientesdetarde.com\/index.php\/wp-json\/wp\/v2\/media?parent=89904"}],"wp:term":[{"taxonomy":"category","embeddable":true,"href":"https:\/\/corrientesdetarde.com\/index.php\/wp-json\/wp\/v2\/categories?post=89904"},{"taxonomy":"post_tag","embeddable":true,"href":"https:\/\/corrientesdetarde.com\/index.php\/wp-json\/wp\/v2\/tags?post=89904"}],"curies":[{"name":"wp","href":"https:\/\/api.w.org\/{rel}","templated":true}]}}