{"id":89907,"date":"2023-09-23T08:26:51","date_gmt":"2023-09-23T11:26:51","guid":{"rendered":"https:\/\/corrientesdetarde.com\/?p=89907"},"modified":"2023-09-23T08:27:03","modified_gmt":"2023-09-23T11:27:03","slug":"capital-un-infierno-que-hoy-empeora","status":"publish","type":"post","link":"https:\/\/corrientesdetarde.com\/index.php\/clima\/capital-un-infierno-que-hoy-empeora\/","title":{"rendered":"Capital, un infierno que hoy empeora"},"content":{"rendered":"\n<p>La temperatura registrada en la jornada de ayer ascendi\u00f3 a los 42 grados en otro d\u00eda agobiante en la ciudad. Seg\u00fan el Servicio Meteorol\u00f3gico Nacional, la situaci\u00f3n hoy se agudiza.<\/p>\n\n\n\n<p>La ciudad de Corrientes fue un verdadero &#8220;horno&#8221; en la jornada de ayer. Tal como lo anticip\u00f3 el pron\u00f3stico extendido del Servicio Meteorol\u00f3gico Nacional (SMN), el calor fue muy intenso. En horas de la siesta, la sensaci\u00f3n t\u00e9rmica trep\u00f3 hasta los 42.6 grados cent\u00edgrados.<\/p>\n\n\n\n<p>La humedad de 41%, el viento norte a 13 km\/h y la visibilidad fue 7 km y no se registraron precipitaciones.<\/p>\n\n\n\n<p>En la Estaci\u00f3n Meteorol\u00f3gica del Instituto Correntino del Agua y el Ambiente (ICAA), la temperatura m\u00e1xima que midieron fue de 41 grados, mientras que la m\u00ednima alcanz\u00f3 24.4 grados. Ayer la humedad m\u00e1xima fue de 82% y se registr\u00f3 a las 5:50.<\/p>\n\n\n\n<p>Debido a las altas temperaturas la gente decidi\u00f3 volcarse a las playas para refrescarse, porque la sensaci\u00f3n t\u00e9rmica a las 14:30 roz\u00f3 los 46 grados seg\u00fan el ICAA.<\/p>\n\n\n\n<h2 class=\"wp-block-heading\">Hoy ser\u00e1 peor<\/h2>\n\n\n\n<p>Pero para hoy la situaci\u00f3n empeora, porque se espera una m\u00ednima de 24 grados y la m\u00e1xima alcanzar\u00e1 los 40 grados pero la sensaci\u00f3n t\u00e9rmica ser\u00e1 igual o peor a la sufrida en la jornada de ayer viernes. Se espera que el cielo est\u00e9 parcialmente nublado durante toda la jornada.<\/p>\n\n\n\n<p>Para ma\u00f1ana domingo el SMN anticipa una m\u00ednima de 26 grados y un peque\u00f1o descenso pero alcanzaremos una m\u00e1xima de 35 grados.<\/p>\n\n\n\n<p>En tanto que para la jornada del lunes con m\u00ednima de 23 grados y m\u00e1xima de 34. El cielo estar\u00e1 parcialmente nublado. El martes habr\u00e1 un leve descenso de la temperatura y se anticipa una m\u00ednima de 17 grados y una m\u00e1xima de 22.<\/p>\n\n\n\n<p>Pero nuevamente el alivio llegar\u00e1 para esos d\u00edas, ya que para el mi\u00e9rcoles 26 de septiembre la temperatura volver\u00e1 a subir con jornadas muy calurosas.<\/p>\n","protected":false},"excerpt":{"rendered":"<p>La temperatura registrada en la jornada de ayer ascendi\u00f3 a los 42 grados en otro d\u00eda agobiante en la ciudad. Seg\u00fan el Servicio Meteorol\u00f3gico Nacional, la situaci\u00f3n hoy se agudiza.&hellip; <\/p>\n","protected":false},"author":3,"featured_media":89908,"comment_status":"closed","ping_status":"open","sticky":false,"template":"","format":"standard","meta":{"footnotes":""},"categories":[29],"tags":[],"class_list":["post-89907","post","type-post","status-publish","format-standard","has-post-thumbnail","hentry","category-clima"],"_links":{"self":[{"href":"https:\/\/corrientesdetarde.com\/index.php\/wp-json\/wp\/v2\/posts\/89907","targetHints":{"allow":["GET"]}}],"collection":[{"href":"https:\/\/corrientesdetarde.com\/index.php\/wp-json\/wp\/v2\/posts"}],"about":[{"href":"https:\/\/corrientesdetarde.com\/index.php\/wp-json\/wp\/v2\/types\/post"}],"author":[{"embeddable":true,"href":"https:\/\/corrientesdetarde.com\/index.php\/wp-json\/wp\/v2\/users\/3"}],"replies":[{"embeddable":true,"href":"https:\/\/corrientesdetarde.com\/index.php\/wp-json\/wp\/v2\/comments?post=89907"}],"version-history":[{"count":1,"href":"https:\/\/corrientesdetarde.com\/index.php\/wp-json\/wp\/v2\/posts\/89907\/revisions"}],"predecessor-version":[{"id":89909,"href":"https:\/\/corrientesdetarde.com\/index.php\/wp-json\/wp\/v2\/posts\/89907\/revisions\/89909"}],"wp:featuredmedia":[{"embeddable":true,"href":"https:\/\/corrientesdetarde.com\/index.php\/wp-json\/wp\/v2\/media\/89908"}],"wp:attachment":[{"href":"https:\/\/corrientesdetarde.com\/index.php\/wp-json\/wp\/v2\/media?parent=89907"}],"wp:term":[{"taxonomy":"category","embeddable":true,"href":"https:\/\/corrientesdetarde.com\/index.php\/wp-json\/wp\/v2\/categories?post=89907"},{"taxonomy":"post_tag","embeddable":true,"href":"https:\/\/corrientesdetarde.com\/index.php\/wp-json\/wp\/v2\/tags?post=89907"}],"curies":[{"name":"wp","href":"https:\/\/api.w.org\/{rel}","templated":true}]}}