{"id":89910,"date":"2023-09-23T08:28:15","date_gmt":"2023-09-23T11:28:15","guid":{"rendered":"https:\/\/corrientesdetarde.com\/?p=89910"},"modified":"2023-09-23T08:28:26","modified_gmt":"2023-09-23T11:28:26","slug":"ganancias-en-los-municipios-disenan-plan-de-contingencia","status":"publish","type":"post","link":"https:\/\/corrientesdetarde.com\/index.php\/informacion-general\/ganancias-en-los-municipios-disenan-plan-de-contingencia\/","title":{"rendered":"Ganancias: en los municipios dise\u00f1an plan de contingencia"},"content":{"rendered":"\n<p>Los titulares de econom\u00eda municipal de Goya y Bella Vista hablaron del impacto de los cambios en el impuesto coparticipable. Hay preocupaci\u00f3n y buscan morigerar la rebaja que comenzar\u00e1n a experimentar en noviembre.<\/p>\n\n\n\n<p>Apenas termin\u00f3 la reuni\u00f3n con el ministro de Hacienda de la Provincia, cada encargado del \u00e1rea econ\u00f3mica de los municipios participantes empez\u00f3 a diagramar en su cabeza las alternativas al panorama cr\u00edtico que se avizora y que preocupa. Luego, junto con sus respectivos intendentes empezaron a trazar un primer borrador del plan de contingencia que deber\u00e1n aplicar para tratar de morigerar el impacto de la baja en los recursos coparticipables que empezar\u00e1n a experimentar con m\u00e1s fuerzas en noviembre.<\/p>\n\n\n\n<p>Todo a partir de los cambios que se activaron sobre el Impuesto a las Ganancias, dispuestos por el ministro de Econom\u00eda de la Naci\u00f3n, Sergio Massa. Una iniciativa avanza en el Congreso.<\/p>\n\n\n\n<p>La situaci\u00f3n encendi\u00f3 el alerta en la provincia y lo advirti\u00f3 p\u00fablicamente el propio gobernador Gustavo Vald\u00e9s. As\u00ed, casi de inmediato se organiz\u00f3 una reuni\u00f3n plenaria entre el titular del Ministerio de Hacienda, Marcelo Rivas Piacentini, y sus pares de m\u00e1s de una veintena de comunas.<\/p>\n\n\n\n<p>En el c\u00f3nclave realizado el jueves en Goya, se recomend\u00f3 sostener el equilibrio fiscal, generar recursos propios -sin que signifiquen una mayor presi\u00f3n fiscal- y continuar en comunicaci\u00f3n y articulaci\u00f3n permanente entre Hacienda y las municipalidades.<\/p>\n\n\n\n<p>&#8220;Esto repercute muy fuerte en el sostenimiento del erario provincial y de los recursos que posteriormente se coparticipan a cada uno de los municipios. En el caso de Goya estar\u00edamos hablando de una cifra del orden de los 550 millones de pesos anuales, es una cifra muy importante para la ciudad&#8221;, subray\u00f3 el secretario de Hacienda de Goya, Antonio Guiliani.<\/p>\n\n\n\n<p>En este sentido, estim\u00f3 que el recorte de los recursos representara cerca de un mes y medio de sueldos del personal municipal, seg\u00fan advirti\u00f3 Guiliani por Radio Dos.<\/p>\n\n\n\n<p>Tambi\u00e9n habl\u00f3 del tema la secretaria de Hacienda de la Municipalidad de Bella Vista, M\u00f3nica Rollet, resalt\u00f3: &#8220;Los municipios tenemos que aggiornarnos, hacer una evaluaci\u00f3n muy fina de los recursos para compensar esta merma a trav\u00e9s de la generaci\u00f3n de recursos propios. Por ejemplo, aumentar el universo de contribuyente, pero no elevando la presi\u00f3n fiscal sobre los que cumplen, sino buscar otros universos&#8221;<\/p>\n","protected":false},"excerpt":{"rendered":"<p>Los titulares de econom\u00eda municipal de Goya y Bella Vista hablaron del impacto de los cambios en el impuesto coparticipable. Hay preocupaci\u00f3n y buscan morigerar la rebaja que comenzar\u00e1n a&hellip; <\/p>\n","protected":false},"author":3,"featured_media":89911,"comment_status":"closed","ping_status":"open","sticky":false,"template":"","format":"standard","meta":{"footnotes":""},"categories":[1],"tags":[],"class_list":["post-89910","post","type-post","status-publish","format-standard","has-post-thumbnail","hentry","category-informacion-general"],"_links":{"self":[{"href":"https:\/\/corrientesdetarde.com\/index.php\/wp-json\/wp\/v2\/posts\/89910","targetHints":{"allow":["GET"]}}],"collection":[{"href":"https:\/\/corrientesdetarde.com\/index.php\/wp-json\/wp\/v2\/posts"}],"about":[{"href":"https:\/\/corrientesdetarde.com\/index.php\/wp-json\/wp\/v2\/types\/post"}],"author":[{"embeddable":true,"href":"https:\/\/corrientesdetarde.com\/index.php\/wp-json\/wp\/v2\/users\/3"}],"replies":[{"embeddable":true,"href":"https:\/\/corrientesdetarde.com\/index.php\/wp-json\/wp\/v2\/comments?post=89910"}],"version-history":[{"count":1,"href":"https:\/\/corrientesdetarde.com\/index.php\/wp-json\/wp\/v2\/posts\/89910\/revisions"}],"predecessor-version":[{"id":89912,"href":"https:\/\/corrientesdetarde.com\/index.php\/wp-json\/wp\/v2\/posts\/89910\/revisions\/89912"}],"wp:featuredmedia":[{"embeddable":true,"href":"https:\/\/corrientesdetarde.com\/index.php\/wp-json\/wp\/v2\/media\/89911"}],"wp:attachment":[{"href":"https:\/\/corrientesdetarde.com\/index.php\/wp-json\/wp\/v2\/media?parent=89910"}],"wp:term":[{"taxonomy":"category","embeddable":true,"href":"https:\/\/corrientesdetarde.com\/index.php\/wp-json\/wp\/v2\/categories?post=89910"},{"taxonomy":"post_tag","embeddable":true,"href":"https:\/\/corrientesdetarde.com\/index.php\/wp-json\/wp\/v2\/tags?post=89910"}],"curies":[{"name":"wp","href":"https:\/\/api.w.org\/{rel}","templated":true}]}}