{"id":89916,"date":"2023-09-23T08:30:53","date_gmt":"2023-09-23T11:30:53","guid":{"rendered":"https:\/\/corrientesdetarde.com\/?p=89916"},"modified":"2023-09-23T08:31:00","modified_gmt":"2023-09-23T11:31:00","slug":"detuvieron-a-un-sospechoso-de-golpear-a-mujer-en-un-arrebato","status":"publish","type":"post","link":"https:\/\/corrientesdetarde.com\/index.php\/policiales\/detuvieron-a-un-sospechoso-de-golpear-a-mujer-en-un-arrebato\/","title":{"rendered":"Detuvieron a un sospechoso de golpear a mujer en un arrebato"},"content":{"rendered":"\n<p>La Direcci\u00f3n de Investigaci\u00f3n Criminal identific\u00f3 al presunto autor del violento robo de una mochila sucedido hace una semana. En su vivienda hallaron una motocicleta similar a la utilizada en el delito. Lo complica una filmaci\u00f3n.<\/p>\n\n\n\n<p>El presunto motochorro que hace una semana atac\u00f3 e hiri\u00f3 a una mujer durante el arrebato de una mochila fue detenido en un allanamiento, concretado a pocas cuadras del lugar donde sucedi\u00f3 el delito, en la zona sureste de la ciudad de Corrientes.<\/p>\n\n\n\n<p>Efectivos de la Direcci\u00f3n de Investigaci\u00f3n Criminal (DIC) apresaron a un joven identificado como Renzo G. A. en una vivienda del barrio 17 de Agosto.<\/p>\n\n\n\n<p>En el operativo las autoridades secuestraron una motocicleta Honda Wave negra, similar a la registrada con una c\u00e1mara de seguridad en el momento del robo, seg\u00fan explicaron fuentes ligadas al caso.<\/p>\n\n\n\n<p>Despu\u00e9s de cinco d\u00edas de trabajo, detectives de la DIC obtuvieron la orden para allanar la vivienda del supuesto delincuente a quien localizaron sin resistir la presencia policial.<\/p>\n\n\n\n<p>Adem\u00e1s del veh\u00edculo, el cual no ten\u00eda patente colocada, hallaron prendas de vestir semejantes a las observadas en las im\u00e1genes registradas mientras ocurr\u00eda el il\u00edcito.<\/p>\n\n\n\n<figure class=\"wp-block-image\"><img decoding=\"async\" src=\"https:\/\/www.diarioepoca.com\/content\/bucket\/1\/1321301w380h393c.jpg.webp\" alt=\"\"\/><figcaption>PUESTO A DISPOSICI\u00d3N DE LAS AUTORIDADES JUDICIALES.<\/figcaption><\/figure>\n\n\n\n<p>Valeria vivi\u00f3 un momento dram\u00e1tico el s\u00e1bado 16 de septiembre, a las 13:35, en avenida Cazadores Correntinos casi Alejandro Dumas.<\/p>\n\n\n\n<p>&#8220;Me asust\u00e9 much\u00edsimo ya que el motochorro me sorprendi\u00f3 de atr\u00e1s. Del tir\u00f3n golpe\u00e9 la cabeza y el codo contra el asfalto&#8221;, dijo el lunes la mujer de 33 a\u00f1os.<\/p>\n\n\n\n<p>&#8220;La pas\u00e9 mal, tuve un fuerte mareo por el golpe. No puedo creer la manera en la que ca\u00ed. Y lo primero que se me vino a la cabeza fue que a veces yo ando con mis hijas en la moto y ellas llevan la mochila: si ellas estaban pudo haber sido mucho m\u00e1s grave&#8221;, explic\u00f3 la damnificada que trabaja como emprendedora.<\/p>\n\n\n\n<p>El sospechoso qued\u00f3 a disposici\u00f3n de la Justicia.<\/p>\n","protected":false},"excerpt":{"rendered":"<p>La Direcci\u00f3n de Investigaci\u00f3n Criminal identific\u00f3 al presunto autor del violento robo de una mochila sucedido hace una semana. En su vivienda hallaron una motocicleta similar a la utilizada en&hellip; <\/p>\n","protected":false},"author":3,"featured_media":89917,"comment_status":"closed","ping_status":"open","sticky":false,"template":"","format":"standard","meta":{"footnotes":""},"categories":[33],"tags":[],"class_list":["post-89916","post","type-post","status-publish","format-standard","has-post-thumbnail","hentry","category-policiales"],"_links":{"self":[{"href":"https:\/\/corrientesdetarde.com\/index.php\/wp-json\/wp\/v2\/posts\/89916","targetHints":{"allow":["GET"]}}],"collection":[{"href":"https:\/\/corrientesdetarde.com\/index.php\/wp-json\/wp\/v2\/posts"}],"about":[{"href":"https:\/\/corrientesdetarde.com\/index.php\/wp-json\/wp\/v2\/types\/post"}],"author":[{"embeddable":true,"href":"https:\/\/corrientesdetarde.com\/index.php\/wp-json\/wp\/v2\/users\/3"}],"replies":[{"embeddable":true,"href":"https:\/\/corrientesdetarde.com\/index.php\/wp-json\/wp\/v2\/comments?post=89916"}],"version-history":[{"count":1,"href":"https:\/\/corrientesdetarde.com\/index.php\/wp-json\/wp\/v2\/posts\/89916\/revisions"}],"predecessor-version":[{"id":89918,"href":"https:\/\/corrientesdetarde.com\/index.php\/wp-json\/wp\/v2\/posts\/89916\/revisions\/89918"}],"wp:featuredmedia":[{"embeddable":true,"href":"https:\/\/corrientesdetarde.com\/index.php\/wp-json\/wp\/v2\/media\/89917"}],"wp:attachment":[{"href":"https:\/\/corrientesdetarde.com\/index.php\/wp-json\/wp\/v2\/media?parent=89916"}],"wp:term":[{"taxonomy":"category","embeddable":true,"href":"https:\/\/corrientesdetarde.com\/index.php\/wp-json\/wp\/v2\/categories?post=89916"},{"taxonomy":"post_tag","embeddable":true,"href":"https:\/\/corrientesdetarde.com\/index.php\/wp-json\/wp\/v2\/tags?post=89916"}],"curies":[{"name":"wp","href":"https:\/\/api.w.org\/{rel}","templated":true}]}}