{"id":89931,"date":"2023-09-23T09:04:33","date_gmt":"2023-09-23T12:04:33","guid":{"rendered":"https:\/\/corrientesdetarde.com\/?p=89931"},"modified":"2023-09-23T09:04:44","modified_gmt":"2023-09-23T12:04:44","slug":"el-gobernador-valdes-llamo-cambiar-el-pais-para-recuperar-la-cordura","status":"publish","type":"post","link":"https:\/\/corrientesdetarde.com\/index.php\/politica\/el-gobernador-valdes-llamo-cambiar-el-pais-para-recuperar-la-cordura\/","title":{"rendered":"<strong>El gobernador Vald\u00e9s llam\u00f3 &#8220;cambiar&nbsp;el pa\u00eds para recuperar la cordura&#8221;<\/strong>"},"content":{"rendered":"\n<p>El gobernador de Corrientes, Gustavo Vald\u00e9s encabez\u00f3 este viernes en la ciudad de Santo Tom\u00e9 un acto de Juntos por el Cambio acompa\u00f1ado del intendente local, Jos\u00e9 Suaid. All\u00ed, el mandatario provincial pidi\u00f3 que &#8220;no elijamos populismos de izquierda o derecha, con falsas promesas&#8221; y llam\u00f3 a votar &#8220;una opci\u00f3n republicana con posibilidades reales de cambiar el pa\u00eds para recuperar la cordura&#8221;.<\/p>\n\n\n\n<p>Tras cumplir actividades oficiales en la jornada, primero por la ma\u00f1ana en la localidad de Virasoro y luego a la tarde en Santo Tom\u00e9, Vald\u00e9s encabez\u00f3 el acto de JxC en el Polideportivo Municipal &#8220;Romero Maciel&#8221;. All\u00ed estuvo junto a Suaid, el candidato a diputado nacional Alfredo Vallejos, el senador nacional Eduardo Vischi y jefes comunales de la zona.<\/p>\n\n\n\n<p>&#8220;Desde Santo Tom\u00e9, ratificamos nuestro total apoyo a la f\u00f3rmula Patricia Bullrich &#8211; Luis Petri, la \u00fanica que garantiza un cambio real en esta Argentina que nos exige transformaciones profundas pero sensatas. Juntos por Cambio tiene experiencia probada y equipos formados para hacerlos&#8221;, areng\u00f3&nbsp; ante los santotome\u00f1os&nbsp;que acudieron al Polideportivo Municipal en la ocasi\u00f3n.<\/p>\n\n\n\n<p>Y sentenci\u00f3 que &#8220;Allberto Fern\u00e1ndez, Cristina Kirchner y Sergio Massa dejan un pa\u00eds en ruinas&#8221; con &#8220;40% de pobreza, 115% de inflaci\u00f3n y trabas para circular, producir y comerciar&#8221;. Ante este contexto, Vald\u00e9s sostuvo que &#8220;la Argentina absurda se tiene que terminar, y para eso hay que votar a Patricia Bullrich, una mujer con capacidad para liderar, coraje para batallar y fuerza para trabajar&#8221;.<\/p>\n\n\n\n<p>&#8220;Exactamente en un mes tendremos elecciones: no elijamos populismos de izquierda o derecha, con falsas promesas y enemigos imaginarios, sino a JxC, una opci\u00f3n republicana, con despliegue territorial y posibilidades reales de cambiar el pa\u00eds para recuperar la cordura&#8221;, pidi\u00f3 finalmente el gobernador correntino en el acto.<\/p>\n\n\n\n<p>Cabe se\u00f1alar que horas antes, en Virasoro, el mandatario provincial inaugur\u00f3 un edificio escolar y entreg\u00f3 netbooks&nbsp;del Programa Provincial Incluir Futuro, destinadas a estudiantes secundarios, como as\u00ed tambi\u00e9n en Santo Tom\u00e9, adem\u00e1s de entregar 100 viviendas construidas por INVICO.<\/p>\n","protected":false},"excerpt":{"rendered":"<p>El gobernador de Corrientes, Gustavo Vald\u00e9s encabez\u00f3 este viernes en la ciudad de Santo Tom\u00e9 un acto de Juntos por el Cambio acompa\u00f1ado del intendente local, Jos\u00e9 Suaid. All\u00ed, el&hellip; <\/p>\n","protected":false},"author":3,"featured_media":89932,"comment_status":"closed","ping_status":"open","sticky":false,"template":"","format":"standard","meta":{"footnotes":""},"categories":[3],"tags":[],"class_list":["post-89931","post","type-post","status-publish","format-standard","has-post-thumbnail","hentry","category-politica"],"_links":{"self":[{"href":"https:\/\/corrientesdetarde.com\/index.php\/wp-json\/wp\/v2\/posts\/89931","targetHints":{"allow":["GET"]}}],"collection":[{"href":"https:\/\/corrientesdetarde.com\/index.php\/wp-json\/wp\/v2\/posts"}],"about":[{"href":"https:\/\/corrientesdetarde.com\/index.php\/wp-json\/wp\/v2\/types\/post"}],"author":[{"embeddable":true,"href":"https:\/\/corrientesdetarde.com\/index.php\/wp-json\/wp\/v2\/users\/3"}],"replies":[{"embeddable":true,"href":"https:\/\/corrientesdetarde.com\/index.php\/wp-json\/wp\/v2\/comments?post=89931"}],"version-history":[{"count":1,"href":"https:\/\/corrientesdetarde.com\/index.php\/wp-json\/wp\/v2\/posts\/89931\/revisions"}],"predecessor-version":[{"id":89933,"href":"https:\/\/corrientesdetarde.com\/index.php\/wp-json\/wp\/v2\/posts\/89931\/revisions\/89933"}],"wp:featuredmedia":[{"embeddable":true,"href":"https:\/\/corrientesdetarde.com\/index.php\/wp-json\/wp\/v2\/media\/89932"}],"wp:attachment":[{"href":"https:\/\/corrientesdetarde.com\/index.php\/wp-json\/wp\/v2\/media?parent=89931"}],"wp:term":[{"taxonomy":"category","embeddable":true,"href":"https:\/\/corrientesdetarde.com\/index.php\/wp-json\/wp\/v2\/categories?post=89931"},{"taxonomy":"post_tag","embeddable":true,"href":"https:\/\/corrientesdetarde.com\/index.php\/wp-json\/wp\/v2\/tags?post=89931"}],"curies":[{"name":"wp","href":"https:\/\/api.w.org\/{rel}","templated":true}]}}