{"id":89965,"date":"2023-09-23T11:01:22","date_gmt":"2023-09-23T14:01:22","guid":{"rendered":"https:\/\/corrientesdetarde.com\/?p=89965"},"modified":"2023-09-23T11:01:34","modified_gmt":"2023-09-23T14:01:34","slug":"el-instituto-san-benito-sera-escenario-de-una-reunion-historica-con-diputados","status":"publish","type":"post","link":"https:\/\/corrientesdetarde.com\/index.php\/informacion-general\/el-instituto-san-benito-sera-escenario-de-una-reunion-historica-con-diputados\/","title":{"rendered":"<strong>El Instituto San Benito ser\u00e1 escenario de una reuni\u00f3n hist\u00f3rica con Diputados<\/strong>"},"content":{"rendered":"\n<p><strong>El martes 26 de septiembre a las 19 horas, se llevar\u00e1 a cabo un encuentro muy especial, -a pedido de los j\u00f3venes del Instituto Secundario Nocturno San Benito-, con los legisladores y la comunidad en general. Se invita a todos los que conocieron al Padre Adolfo Smiguel a asistir y colaborar con sus fotograf\u00edas.<\/strong><\/p>\n\n\n\n<p>&#8212;<\/p>\n\n\n\n<p>El Instituto Secundario Nocturno \u201cSan Benito\u201d, la Parroquia y la comunidad en general del barrio San Benito de la ciudad de Corrientes, junto a &nbsp;Diputados de la provincia, tendr\u00e1n un encuentro muy especial &nbsp;el &nbsp;<strong>martes 26 de septiembre a las 19 horas,<\/strong>&nbsp;en sede del establecimiento escolar sito en calle Necochea 390, oportunidad en que los alumnos que participaron del concurso \u201cSoy Protagonista\u201d, fundamentar\u00e1n la iniciativa que presentaron para declarar \u201cCiudadano Ilustre\u201d al Padre Adolfo Smiguel &nbsp;(expediente en Comisi\u00f3n de Educaci\u00f3n).<\/p>\n\n\n\n<p>Se trata de un pedido especial de los j\u00f3venes a los diputados, ya que pretenden mostrar \u201cin-situ\u201d parte de la obra heredada por el sacerdote y fundamentalmente tienen el deseo de que los vecinos puedan contar la experiencia personal con el Padre Smiguel (ya fallecido) a sus representantes.<\/p>\n\n\n\n<p>La solicitud fue en ocasi\u00f3n de su presencia en la Legislatura por el \u201cConcurso Soy Protagonista\u201d, obteniendo el compromiso del Presidente Pedro Cassani y legisladores de todas las bancadas de visitarlos. \u201cLos esperamos a todos los que nos puedan acompa\u00f1ar en esto tan importante\u201d dijeron la representante legal Paola Conti y la rectora Ver\u00f3nica Sosa, que est\u00e1n en la organizaci\u00f3n.<\/p>\n\n\n\n<p>Para los directivos del Instituto educativo se trata de un hecho \u201ctrascendente\u201d para el cual vienen trabajando, considerando que el sacerdote ya fallecido fue &nbsp;\u201cmucho m\u00e1s all\u00e1 de la funci\u00f3n eclesi\u00e1stica, siendo parte de las transformaci\u00f3n comunitaria en los lugares &nbsp;donde le toc\u00f3 ser pastor\u201d.<\/p>\n\n\n\n<p>En efecto, el sacerdote &nbsp;es recordado por ser un ejemplo en la promoci\u00f3n &nbsp;de la &nbsp;educaci\u00f3n como pilar fundamental del progreso. Es por eso, que cre\u00f3 la ense\u00f1anza de oficios (que a\u00fan contin\u00faa), una guarder\u00eda luego convertida en jard\u00edn de infantes, la escuela primera y la secundaria (diurna y nocturna). \u201cSo\u00f1aba con que los hijos de los vecinos, tengan educaci\u00f3n y un trabajo que los llevara a una vida plena\u2026 por eso, innov\u00f3 con la educaci\u00f3n ecol\u00f3gica\u2026 ya ve\u00eda en aquel entonces el potencial del Iber\u00e1\u201d, cuentan.<\/p>\n\n\n\n<p>La actividad del martes prev\u00e9 la presencia de invitados especiales -adem\u00e1s de autoridades provinciales y municipales- los que podr\u00e1n ser protagonistas de este encuentro, que ser\u00e1 el puntapi\u00e9 para el despacho de la comisi\u00f3n de Educaci\u00f3n sobre el expediente parlamentario en cuesti\u00f3n y la toma de decisi\u00f3n del cuerpo parlamentario en s\u00ed, que tiene en sus manos la media sanci\u00f3n de la futura ley.<\/p>\n\n\n\n<p>Seg\u00fan pudo saberse habr\u00e1 una galer\u00eda de fotos, un mini-museo de las pertenencias del sacerdote, y testimonios de vecinos.<\/p>\n\n\n\n<p>Se invita a todos aquellos que conocieron al Padre Smiguel a asistir a este encuentro, que culminar\u00e1 con la visita de los presentes al mausoleo donde descansan los restos del Padre Smiguel, en la Parroquia San Benito.<\/p>\n\n\n\n<p>\u201cEstaremos valorando el legado de un hombre que trascendi\u00f3 por sus obras de bien com\u00fan\u2026 y son los j\u00f3venes, los que nos piden visibilizarlo para convertirlo en un gran ejemplo para todos\u201d, dijo el diputado Horacio Pozo, integrante de la comisi\u00f3n de Educaci\u00f3n.<\/p>\n\n\n\n<p><strong>SEMBLANZA DEL HOMENAJEADO<\/strong><\/p>\n\n\n\n<p>\u201cComo p\u00e1rroco ejemplar de la Iglesia San Benito, atend\u00eda sus obligaciones diocesanas, sin olvidar las necesidades del humilde barrio que le encomendaron, y fue as\u00ed que logr\u00f3 la extensi\u00f3n del agua corriente domiciliaria, el pavimento y la entrada de l\u00edneas de colectivo. Inicialmente fund\u00f3 una Guarder\u00eda Infantil para aliviar las necesidades de las madres que trabajaban fuera de sus casas; despu\u00e9s tambi\u00e9n se ocup\u00f3 de perfeccionarlas en sus trabajos y abri\u00f3 una Escuela Profesional para ellas y sus maridos, ya que, en sus comienzos, se ense\u00f1aba adem\u00e1s de costura y peluquer\u00eda, electricidad, alba\u00f1iler\u00eda y dactilograf\u00eda\u201d, cuenta la se\u00f1ora Leticia Turp\u00edn, vecina que estar\u00e1 el martes con los legisladores.<\/p>\n\n\n\n<p>Tambi\u00e9n fue un precursor de la educaci\u00f3n ambiental. \u201cEl Secundario Ecol\u00f3gico &nbsp;-in\u00e9dito en la regi\u00f3n- naci\u00f3 un 20 de marzo de 1995, con solo 19 alumnos y un reducido grupo de profesores\u2026\u201d. \u201cCuando nadie hablaba del Iber\u00e1 y sus riquezas, \u00e9l ya pensaba en el trabajo que significaba para los hijos de los vecinos del barrio\u201d, cuentan con orgullo quienes lo conocieron.<\/p>\n\n\n\n<p>Toda la instituci\u00f3n polic\u00edaca tambi\u00e9n est\u00e1 invitada a este acto de justo reconocimiento, ya que Smiguel se destac\u00f3 en su funci\u00f3n como Capell\u00e1n de la Polic\u00eda de la Provincia de Corrientes (ten\u00eda el grado de comisario principal).<\/p>\n\n\n\n<p>Tambi\u00e9n, el sacerdote &nbsp;es muy recordado por su paso &nbsp;en Gobernador Virasoro, Santo Tom\u00e9 y Paso de los Libres. En Corrientes capital fue director espiritual del Colegio San Jos\u00e9 y de la Escuela N\u00ba 160 \u201cNuestra Se\u00f1ora de la Misericordia\u201d; y&nbsp;director-fundador del Hogar de Ni\u00f1os \u201cMam\u00e1 Margarita\u201d.<\/p>\n\n\n\n<p>Naci\u00f3 el 9 de septiembre de 1924 y hac\u00eda m\u00e1s de 30 a\u00f1os que estaba en Corrientes. Por mucho tiempo escribi\u00f3 \u201cLea y medite la Biblia\u201d, una columna que se publicaba los domingos en el diario El Litoral.<\/p>\n\n\n\n<p>\u201cDesafortunadamente no quedaron registros fotogr\u00e1ficos de cuando se movilizaba en una moto Sach 48 cc, en la que se trasladaba de una a otra capilla donde \u00e9l era el titular, como por ejemplo La Cruz, Itat\u00ed, la del Hospital Vidal, F\u00e1tima, San Benito y Virgen de los Dolores\u201d, lamentan quienes est\u00e1n recopilando fotos del homenajeado.<\/p>\n\n\n\n<p>Consta en la historia que \u201ctras la muerte de monse\u00f1or Rafael Santajuliana, monse\u00f1or Francisco Vicent\u00edn le propuso que se haga cargo de la Vicar\u00eda, lo que fue rechazado por Smiguel mediante una nota firmada por \u00e9l y numerosas personas de varias parroquias, asegurando que prefer\u00eda seguir trabajando junto a la gente, en lugar de quedarse en el Arzobispado\u201d (Diario El Litoral. 18-3-2006).<\/p>\n\n\n\n<p>Falleci\u00f3 el 18 de marzo de 2006, a los 81 a\u00f1os\u2026 \u201cLos herederos de sus grandes obras, j\u00f3venes de no m\u00e1s de 18 a\u00f1os, piden un justo reconocimiento\u201d, se\u00f1alaron.<\/p>\n","protected":false},"excerpt":{"rendered":"<p>El martes 26 de septiembre a las 19 horas, se llevar\u00e1 a cabo un encuentro muy especial, -a pedido de los j\u00f3venes del Instituto Secundario Nocturno San Benito-, con los&hellip; <\/p>\n","protected":false},"author":3,"featured_media":89966,"comment_status":"closed","ping_status":"open","sticky":false,"template":"","format":"standard","meta":{"footnotes":""},"categories":[1],"tags":[],"class_list":["post-89965","post","type-post","status-publish","format-standard","has-post-thumbnail","hentry","category-informacion-general"],"_links":{"self":[{"href":"https:\/\/corrientesdetarde.com\/index.php\/wp-json\/wp\/v2\/posts\/89965","targetHints":{"allow":["GET"]}}],"collection":[{"href":"https:\/\/corrientesdetarde.com\/index.php\/wp-json\/wp\/v2\/posts"}],"about":[{"href":"https:\/\/corrientesdetarde.com\/index.php\/wp-json\/wp\/v2\/types\/post"}],"author":[{"embeddable":true,"href":"https:\/\/corrientesdetarde.com\/index.php\/wp-json\/wp\/v2\/users\/3"}],"replies":[{"embeddable":true,"href":"https:\/\/corrientesdetarde.com\/index.php\/wp-json\/wp\/v2\/comments?post=89965"}],"version-history":[{"count":1,"href":"https:\/\/corrientesdetarde.com\/index.php\/wp-json\/wp\/v2\/posts\/89965\/revisions"}],"predecessor-version":[{"id":89967,"href":"https:\/\/corrientesdetarde.com\/index.php\/wp-json\/wp\/v2\/posts\/89965\/revisions\/89967"}],"wp:featuredmedia":[{"embeddable":true,"href":"https:\/\/corrientesdetarde.com\/index.php\/wp-json\/wp\/v2\/media\/89966"}],"wp:attachment":[{"href":"https:\/\/corrientesdetarde.com\/index.php\/wp-json\/wp\/v2\/media?parent=89965"}],"wp:term":[{"taxonomy":"category","embeddable":true,"href":"https:\/\/corrientesdetarde.com\/index.php\/wp-json\/wp\/v2\/categories?post=89965"},{"taxonomy":"post_tag","embeddable":true,"href":"https:\/\/corrientesdetarde.com\/index.php\/wp-json\/wp\/v2\/tags?post=89965"}],"curies":[{"name":"wp","href":"https:\/\/api.w.org\/{rel}","templated":true}]}}