{"id":89968,"date":"2023-09-23T11:02:29","date_gmt":"2023-09-23T14:02:29","guid":{"rendered":"https:\/\/corrientesdetarde.com\/?p=89968"},"modified":"2023-09-23T11:02:30","modified_gmt":"2023-09-23T14:02:30","slug":"operaron-en-buenos-aires-a-la-joven-que-fue-atropellada-a-la-salida-de-un-boliche","status":"publish","type":"post","link":"https:\/\/corrientesdetarde.com\/index.php\/bienestar-y-salud\/operaron-en-buenos-aires-a-la-joven-que-fue-atropellada-a-la-salida-de-un-boliche\/","title":{"rendered":"Operaron en Buenos Aires a la joven que fue atropellada a la salida de un boliche"},"content":{"rendered":"\n<p>\u00a0Tamara de la Cruz \u00a0fue arrollada sobre la Avenida Maip\u00fa el pasado domingo 3 de septiembre.<\/p>\n\n\n\n<p>La joven correntina que fue atropellada a la salida de un boliche y que sufri\u00f3 graves heridas, Tamara de la Cruz, &nbsp;fue operada este viernes en el Hospital Italiano de&nbsp;la provincia hacia Buenos Aires.<\/p>\n\n\n\n<p>Seg\u00fan confirm\u00f3 su mam\u00e1, ingres\u00f3 al quir\u00f3fano a las 14.30&nbsp;y la intervenci\u00f3n dur\u00f3 varias&nbsp;horas.<\/p>\n\n\n\n<p>Tamara de la Cruz, de 33 a\u00f1os, &nbsp;sufri\u00f3 lesiones el pasado 3 de septiembre a la salida de un reconocido boliche ubicado por avenida Maip\u00fa de la Capital correntina.&nbsp;<\/p>\n\n\n\n<p>En cuanto al responsable del accidente, fue identificado como J.G, quien conduc\u00eda una camioneta en estado de ebriedad &nbsp;y se dio a la fuga tras el accidente, seg\u00fan denunciaron.<\/p>\n","protected":false},"excerpt":{"rendered":"<p>\u00a0Tamara de la Cruz \u00a0fue arrollada sobre la Avenida Maip\u00fa el pasado domingo 3 de septiembre. La joven correntina que fue atropellada a la salida de un boliche y que&hellip; <\/p>\n","protected":false},"author":3,"featured_media":89969,"comment_status":"closed","ping_status":"open","sticky":false,"template":"","format":"standard","meta":{"footnotes":""},"categories":[16],"tags":[],"class_list":["post-89968","post","type-post","status-publish","format-standard","has-post-thumbnail","hentry","category-bienestar-y-salud"],"_links":{"self":[{"href":"https:\/\/corrientesdetarde.com\/index.php\/wp-json\/wp\/v2\/posts\/89968","targetHints":{"allow":["GET"]}}],"collection":[{"href":"https:\/\/corrientesdetarde.com\/index.php\/wp-json\/wp\/v2\/posts"}],"about":[{"href":"https:\/\/corrientesdetarde.com\/index.php\/wp-json\/wp\/v2\/types\/post"}],"author":[{"embeddable":true,"href":"https:\/\/corrientesdetarde.com\/index.php\/wp-json\/wp\/v2\/users\/3"}],"replies":[{"embeddable":true,"href":"https:\/\/corrientesdetarde.com\/index.php\/wp-json\/wp\/v2\/comments?post=89968"}],"version-history":[{"count":1,"href":"https:\/\/corrientesdetarde.com\/index.php\/wp-json\/wp\/v2\/posts\/89968\/revisions"}],"predecessor-version":[{"id":89970,"href":"https:\/\/corrientesdetarde.com\/index.php\/wp-json\/wp\/v2\/posts\/89968\/revisions\/89970"}],"wp:featuredmedia":[{"embeddable":true,"href":"https:\/\/corrientesdetarde.com\/index.php\/wp-json\/wp\/v2\/media\/89969"}],"wp:attachment":[{"href":"https:\/\/corrientesdetarde.com\/index.php\/wp-json\/wp\/v2\/media?parent=89968"}],"wp:term":[{"taxonomy":"category","embeddable":true,"href":"https:\/\/corrientesdetarde.com\/index.php\/wp-json\/wp\/v2\/categories?post=89968"},{"taxonomy":"post_tag","embeddable":true,"href":"https:\/\/corrientesdetarde.com\/index.php\/wp-json\/wp\/v2\/tags?post=89968"}],"curies":[{"name":"wp","href":"https:\/\/api.w.org\/{rel}","templated":true}]}}