{"id":89971,"date":"2023-09-23T11:03:14","date_gmt":"2023-09-23T14:03:14","guid":{"rendered":"https:\/\/corrientesdetarde.com\/?p=89971"},"modified":"2023-09-23T11:03:26","modified_gmt":"2023-09-23T14:03:26","slug":"testeos-dermatologicos-gratuitos-en-plaza-la-cruz","status":"publish","type":"post","link":"https:\/\/corrientesdetarde.com\/index.php\/bienestar-y-salud\/testeos-dermatologicos-gratuitos-en-plaza-la-cruz\/","title":{"rendered":"Testeos dermatol\u00f3gicos gratuitos en plaza La Cruz"},"content":{"rendered":"\n<p>Durante dos d\u00edas se har\u00e1n chequeos de lunares de manera gratuita en la plaza La Cruz. Un cami\u00f3n con consultorios m\u00f3viles y la presencia de dermat\u00f3logos matriculados estar\u00e1 hoy y ma\u00f1ana, de 11 a 14, y de 15 a 19, en el espacio p\u00fablico ubicado por calle Salta. Los testeos ser\u00e1n realizados por La Roche-Posay, en conjunto con la Municipalidad de Corrientes.<\/p>\n\n\n\n<p>Con el aporte de una aplicaci\u00f3n de inteligencia artificial SkinVision, las personas testeadas podr\u00e1n ver a trav\u00e9s de una foto y una base estad\u00edstica los resultados, y obtener un diagn\u00f3stico primario por parte de los profesionales que identifica lunares sospechosos e incentiva la visita al dermat\u00f3logo.<\/p>\n\n\n\n<p>La atenci\u00f3n ser\u00e1 este s\u00e1bado y domingo en la plaza de La Cruz de la ciudad, donde quienes asistan podr\u00e1n realizar teleconsultas sincr\u00f3nicas con dermat\u00f3logos, orientadas a que el paciente pueda aprender las cuestiones m\u00e1s importantes sobre el c\u00e1ncer de piel: factores de riesgo, c\u00f3mo realizar un autochequeo de lunares en casa con el m\u00e9todo Abcde y de qu\u00e9 manera protegerse correctamente del sol.<\/p>\n\n\n\n<p>La campa\u00f1a denominada \u201cSalv\u00e1 tu piel\u201d, que lleva adelante La Roche-Posay, marca de L&#8217;Or\u00e9al Group, y la Municipalidad de la ciudad de Corrientes, tiene el objetivo de generar medidas de prevenci\u00f3n sobre el c\u00e1ncer de piel y est\u00e1 acompa\u00f1ada por la Secretar\u00eda de Salud municipal.<\/p>\n","protected":false},"excerpt":{"rendered":"<p>Durante dos d\u00edas se har\u00e1n chequeos de lunares de manera gratuita en la plaza La Cruz. Un cami\u00f3n con consultorios m\u00f3viles y la presencia de dermat\u00f3logos matriculados estar\u00e1 hoy y&hellip; <\/p>\n","protected":false},"author":3,"featured_media":89972,"comment_status":"closed","ping_status":"open","sticky":false,"template":"","format":"standard","meta":{"footnotes":""},"categories":[16],"tags":[],"class_list":["post-89971","post","type-post","status-publish","format-standard","has-post-thumbnail","hentry","category-bienestar-y-salud"],"_links":{"self":[{"href":"https:\/\/corrientesdetarde.com\/index.php\/wp-json\/wp\/v2\/posts\/89971","targetHints":{"allow":["GET"]}}],"collection":[{"href":"https:\/\/corrientesdetarde.com\/index.php\/wp-json\/wp\/v2\/posts"}],"about":[{"href":"https:\/\/corrientesdetarde.com\/index.php\/wp-json\/wp\/v2\/types\/post"}],"author":[{"embeddable":true,"href":"https:\/\/corrientesdetarde.com\/index.php\/wp-json\/wp\/v2\/users\/3"}],"replies":[{"embeddable":true,"href":"https:\/\/corrientesdetarde.com\/index.php\/wp-json\/wp\/v2\/comments?post=89971"}],"version-history":[{"count":1,"href":"https:\/\/corrientesdetarde.com\/index.php\/wp-json\/wp\/v2\/posts\/89971\/revisions"}],"predecessor-version":[{"id":89973,"href":"https:\/\/corrientesdetarde.com\/index.php\/wp-json\/wp\/v2\/posts\/89971\/revisions\/89973"}],"wp:featuredmedia":[{"embeddable":true,"href":"https:\/\/corrientesdetarde.com\/index.php\/wp-json\/wp\/v2\/media\/89972"}],"wp:attachment":[{"href":"https:\/\/corrientesdetarde.com\/index.php\/wp-json\/wp\/v2\/media?parent=89971"}],"wp:term":[{"taxonomy":"category","embeddable":true,"href":"https:\/\/corrientesdetarde.com\/index.php\/wp-json\/wp\/v2\/categories?post=89971"},{"taxonomy":"post_tag","embeddable":true,"href":"https:\/\/corrientesdetarde.com\/index.php\/wp-json\/wp\/v2\/tags?post=89971"}],"curies":[{"name":"wp","href":"https:\/\/api.w.org\/{rel}","templated":true}]}}