{"id":89987,"date":"2023-09-23T15:33:04","date_gmt":"2023-09-23T18:33:04","guid":{"rendered":"https:\/\/corrientesdetarde.com\/?p=89987"},"modified":"2023-09-23T15:33:16","modified_gmt":"2023-09-23T18:33:16","slug":"las-ferias-de-la-ciudad-cierran-septiembrecon-un-nuevo-recorrido-por-plazas-y-parques","status":"publish","type":"post","link":"https:\/\/corrientesdetarde.com\/index.php\/sociales\/las-ferias-de-la-ciudad-cierran-septiembrecon-un-nuevo-recorrido-por-plazas-y-parques\/","title":{"rendered":"<strong>Las Ferias de la Ciudad cierran septiembre<br>con un nuevo recorrido por plazas y parques<\/strong>"},"content":{"rendered":"\n<p><em>Entre el lunes 25 de septiembre y el domingo 1 de octubre, las ferias itinerantes organizadas por la Municipalidad volver\u00e1n a realizar su habitual desembarco por espacios p\u00fablicos de distintos barrios de Corrientes con su oferta de productos de calidad y mejores precios.&nbsp;<\/em><\/p>\n\n\n\n<p>Durante la \u00faltima semana de septiembre, las Ferias de la Ciudad llevar\u00e1n adelante su recorrido itinerante por parques, plazas y paseos, presentando sus convenientes ofertas a los vecinos, con el objetivo de ayudar a defender la econom\u00eda familiar con productos de calidad.<\/p>\n\n\n\n<figure class=\"wp-block-image size-large\"><img loading=\"lazy\" decoding=\"async\" width=\"818\" height=\"1024\" src=\"https:\/\/corrientesdetarde.com\/wp-content\/uploads\/2023\/09\/image-617-818x1024.png\" alt=\"\" class=\"wp-image-89988\" srcset=\"https:\/\/corrientesdetarde.com\/wp-content\/uploads\/2023\/09\/image-617-818x1024.png 818w, https:\/\/corrientesdetarde.com\/wp-content\/uploads\/2023\/09\/image-617-240x300.png 240w, https:\/\/corrientesdetarde.com\/wp-content\/uploads\/2023\/09\/image-617-768x961.png 768w, https:\/\/corrientesdetarde.com\/wp-content\/uploads\/2023\/09\/image-617.png 1023w\" sizes=\"auto, (max-width: 818px) 100vw, 818px\" \/><\/figure>\n\n\n\n<p><br><br>La iniciativa es coordinada y organizada desde la Municipalidad de Corrientes, a trav\u00e9s de la Subsecretar\u00eda de Econom\u00eda Social, dependiente de la Secretar\u00eda de Desarrollo Econ\u00f3mico. \u00a0<br><br>En esta ocasi\u00f3n, las plazas Libertad, La Cruz y Torrent; las plazoletas Los Inmigrantes y Rep\u00fablica del Per\u00fa, el parque Mitre, el parque El Eucaliptal, el Paseo Arazaty ser\u00e1n los espacios donde los feriantes ofrecer\u00e1n sus productos de calidad y demandados combos saludables de verduras y frutas a precios accesibles. \u00a0\u00a0<br><br>El lunes 25 de septiembre, de 8 a 13, estar\u00e1n en las plazoletas Rep\u00fablica del Per\u00fa del barrio Mil Viviendas (Patagonia y La Paz) y en la plazoleta Los Inmigrantes (Sarmiento y Ac. Correa) del barrio Ber\u00f3n de Astrada. \u00a0<br><br>El martes 26 la actividad se centrar\u00e1 en la plaza Libertad (San Mart\u00edn y Per\u00fa) del barrio del mismo nombre.\u00a0<br><br>El mi\u00e9rcoles 27 la feria itinerante har\u00e1 su parada en la plaza Torrent del barrio Centro (San Lorenzo y Bol\u00edvar). En tanto, el jueves 28, las ofertas estar\u00e1n disponibles en la plaza La Cruz (Salta y Belgrano).\u00a0<br><br>El viernes 29 habr\u00e1 feria en la plazoleta Rep\u00fablica del Per\u00fa (Patagonia y La Paz) del barrio Mil Viviendas, en la plazoleta Los Inmigrantes del barrio Ber\u00f3n de Astrada (Ac Correa Fern\u00e1ndez y Av. Sarmiento), y se suma el parque El Eucaliptal (avenida Alfons\u00edn y avenida Laprida) en el barrio San Ger\u00f3nimo. \u00a0<br><br>Ya el s\u00e1bado 30, repitiendo la modalidad de cada fin de semana, la Feria estar\u00e1 en el parque Mitre (Pilu G\u00f3mez y Jos\u00e9 Rol\u00f3n), de 8 a 13, y en el Paseo Arazaty, de 14 a 22.\u00a0<br><br>La semana de ferias finaliza, como es habitual, el domingo 1 de octubre con stands de plantas, artesan\u00edas y gastronom\u00eda en el Paseo Arazaty, en este caso en el horario de 10 a 22. \u00a0<br><br>CRONOGRAMA SEMANAL\u00a0<br><br>Lunes 25 de septiembre: plazoletas Rep\u00fablica del Per\u00fa (barrio Mil Viviendas) y Los Inmigrantes (barrio Ber\u00f3n de Astrada)\u00a0<br><br>Martes 26 de septiembre: plaza Libertad (barrio Libertad) \u00a0<br><br><br>Mi\u00e9rcoles 27 de septiembre: plaza Torrent (barrio Centro) \u00a0<br><br>Jueves 28 de septiembre: plaza La Cruz (barrio La Cruz) \u00a0<br><br>Viernes 29 de septiembre: plazoleta Rep\u00fablica del Per\u00fa (Mil Viviendas), plazoleta Los Inmigrantes (barrio Ber\u00f3n de Astrada) y parque El Eucaliptal (barrio San Ger\u00f3nimo) \u00a0<br><br>S\u00e1bado 30 de septiembre: parque Mitre y Paseo Arazaty \u00a0<br><br>Domingo 1 de octubre: Paseo Arazaty<\/p>\n","protected":false},"excerpt":{"rendered":"<p>Entre el lunes 25 de septiembre y el domingo 1 de octubre, las ferias itinerantes organizadas por la Municipalidad volver\u00e1n a realizar su habitual desembarco por espacios p\u00fablicos de distintos&hellip; <\/p>\n","protected":false},"author":1,"featured_media":89989,"comment_status":"closed","ping_status":"open","sticky":false,"template":"","format":"standard","meta":{"footnotes":""},"categories":[17],"tags":[],"class_list":["post-89987","post","type-post","status-publish","format-standard","has-post-thumbnail","hentry","category-sociales"],"_links":{"self":[{"href":"https:\/\/corrientesdetarde.com\/index.php\/wp-json\/wp\/v2\/posts\/89987","targetHints":{"allow":["GET"]}}],"collection":[{"href":"https:\/\/corrientesdetarde.com\/index.php\/wp-json\/wp\/v2\/posts"}],"about":[{"href":"https:\/\/corrientesdetarde.com\/index.php\/wp-json\/wp\/v2\/types\/post"}],"author":[{"embeddable":true,"href":"https:\/\/corrientesdetarde.com\/index.php\/wp-json\/wp\/v2\/users\/1"}],"replies":[{"embeddable":true,"href":"https:\/\/corrientesdetarde.com\/index.php\/wp-json\/wp\/v2\/comments?post=89987"}],"version-history":[{"count":1,"href":"https:\/\/corrientesdetarde.com\/index.php\/wp-json\/wp\/v2\/posts\/89987\/revisions"}],"predecessor-version":[{"id":89990,"href":"https:\/\/corrientesdetarde.com\/index.php\/wp-json\/wp\/v2\/posts\/89987\/revisions\/89990"}],"wp:featuredmedia":[{"embeddable":true,"href":"https:\/\/corrientesdetarde.com\/index.php\/wp-json\/wp\/v2\/media\/89989"}],"wp:attachment":[{"href":"https:\/\/corrientesdetarde.com\/index.php\/wp-json\/wp\/v2\/media?parent=89987"}],"wp:term":[{"taxonomy":"category","embeddable":true,"href":"https:\/\/corrientesdetarde.com\/index.php\/wp-json\/wp\/v2\/categories?post=89987"},{"taxonomy":"post_tag","embeddable":true,"href":"https:\/\/corrientesdetarde.com\/index.php\/wp-json\/wp\/v2\/tags?post=89987"}],"curies":[{"name":"wp","href":"https:\/\/api.w.org\/{rel}","templated":true}]}}