{"id":90016,"date":"2023-09-23T18:29:02","date_gmt":"2023-09-23T21:29:02","guid":{"rendered":"https:\/\/corrientesdetarde.com\/?p=90016"},"modified":"2023-09-23T18:29:14","modified_gmt":"2023-09-23T21:29:14","slug":"benjamin-aguero-maradona-metio-su-primer-gol-oficial-en-las-inferiores-de-tigre-y-gianinna-se-emociono","status":"publish","type":"post","link":"https:\/\/corrientesdetarde.com\/index.php\/informacion-general\/benjamin-aguero-maradona-metio-su-primer-gol-oficial-en-las-inferiores-de-tigre-y-gianinna-se-emociono\/","title":{"rendered":"Benjam\u00edn Ag\u00fcero Maradona meti\u00f3 su primer gol oficial en las inferiores de Tigre y Gianinna se emocion\u00f3"},"content":{"rendered":"\n<p>Benjam\u00edn Ag\u00fcero Maradona, hijo del\u00a0Kun\u00a0y nieto de Diego, meti\u00f3 este s\u00e1bado\u00a0<strong>su primer gol oficial en las inferiores de Tigre<\/strong>. El joven de 14 a\u00f1os ingres\u00f3 en el segundo tiempo del partido ante Gimnasia, por la 9na Divisi\u00f3n, y marc\u00f3 el\u00a0<strong>\u00fanico tanto de su equipo<\/strong>\u00a0en la derrota por 2 a 1.<\/p>\n\n\n\n<p>El gol de Benja provoc\u00f3 la emoci\u00f3n de su mam\u00e1,&nbsp;<strong>Gianinna Maradona<\/strong>, quien mostr\u00f3 toda su alegr\u00eda con un posteo en su cuenta de Instagram (@giamaradona). \u201c\u00a1De mis d\u00edas inolvidables! Felicitaciones, hijo m\u00edo, que<strong>&nbsp;sea el primero de muchos<\/strong>. Tu sacrificio, tu constancia y tu hermoso coraz\u00f3n hacen que te merezcas esto y mucho m\u00e1s\u201d, comenz\u00f3 en su conmovedor posteo.<\/p>\n\n\n\n<h2 class=\"wp-block-heading\">\u201cNo hay palabras para describirte\u201d<\/h2>\n\n\n\n<p>\u201cDecirte que estoy&nbsp;<strong>orgullosa de ser tu mam\u00e1<\/strong>&nbsp;es poco. \u00a1No hay palabras para describirte! Mirarte y saber que con vos hice todo bien. Mi peque\u00f1o gigante, ac\u00e1 estoy para acompa\u00f1arte desde y para siempre, segu\u00ed escribiendo tu propia historia.&nbsp;<strong>Te amo con todo mi ser<\/strong>\u201d, cerr\u00f3.<\/p>\n","protected":false},"excerpt":{"rendered":"<p>Benjam\u00edn Ag\u00fcero Maradona, hijo del\u00a0Kun\u00a0y nieto de Diego, meti\u00f3 este s\u00e1bado\u00a0su primer gol oficial en las inferiores de Tigre. El joven de 14 a\u00f1os ingres\u00f3 en el segundo tiempo del&hellip; <\/p>\n","protected":false},"author":12,"featured_media":90027,"comment_status":"closed","ping_status":"open","sticky":false,"template":"","format":"standard","meta":{"footnotes":""},"categories":[1],"tags":[],"class_list":["post-90016","post","type-post","status-publish","format-standard","has-post-thumbnail","hentry","category-informacion-general"],"_links":{"self":[{"href":"https:\/\/corrientesdetarde.com\/index.php\/wp-json\/wp\/v2\/posts\/90016","targetHints":{"allow":["GET"]}}],"collection":[{"href":"https:\/\/corrientesdetarde.com\/index.php\/wp-json\/wp\/v2\/posts"}],"about":[{"href":"https:\/\/corrientesdetarde.com\/index.php\/wp-json\/wp\/v2\/types\/post"}],"author":[{"embeddable":true,"href":"https:\/\/corrientesdetarde.com\/index.php\/wp-json\/wp\/v2\/users\/12"}],"replies":[{"embeddable":true,"href":"https:\/\/corrientesdetarde.com\/index.php\/wp-json\/wp\/v2\/comments?post=90016"}],"version-history":[{"count":1,"href":"https:\/\/corrientesdetarde.com\/index.php\/wp-json\/wp\/v2\/posts\/90016\/revisions"}],"predecessor-version":[{"id":90028,"href":"https:\/\/corrientesdetarde.com\/index.php\/wp-json\/wp\/v2\/posts\/90016\/revisions\/90028"}],"wp:featuredmedia":[{"embeddable":true,"href":"https:\/\/corrientesdetarde.com\/index.php\/wp-json\/wp\/v2\/media\/90027"}],"wp:attachment":[{"href":"https:\/\/corrientesdetarde.com\/index.php\/wp-json\/wp\/v2\/media?parent=90016"}],"wp:term":[{"taxonomy":"category","embeddable":true,"href":"https:\/\/corrientesdetarde.com\/index.php\/wp-json\/wp\/v2\/categories?post=90016"},{"taxonomy":"post_tag","embeddable":true,"href":"https:\/\/corrientesdetarde.com\/index.php\/wp-json\/wp\/v2\/tags?post=90016"}],"curies":[{"name":"wp","href":"https:\/\/api.w.org\/{rel}","templated":true}]}}