{"id":90024,"date":"2023-09-23T18:39:30","date_gmt":"2023-09-23T21:39:30","guid":{"rendered":"https:\/\/corrientesdetarde.com\/?p=90024"},"modified":"2023-09-23T18:39:35","modified_gmt":"2023-09-23T21:39:35","slug":"el-papa-francisco-pide-una-accion-paneuropea-ante-la-inmigracion","status":"publish","type":"post","link":"https:\/\/corrientesdetarde.com\/index.php\/informacion-general\/el-papa-francisco-pide-una-accion-paneuropea-ante-la-inmigracion\/","title":{"rendered":"El papa Francisco pide una acci\u00f3n paneuropea ante la inmigraci\u00f3n"},"content":{"rendered":"\n<p>El Santo Padre se pronunci\u00f3 a favor de la acogida de los migrantes, en un largo discurso con el que concluy\u00f3 una conferencia de la Iglesia sobre cuestiones mediterr\u00e1neas en Marsella, puerto franc\u00e9s que durante siglos ha sido encrucijada de culturas y religiones.<\/p>\n\n\n\n<p>El papa Francisco conden\u00f3 el s\u00e1bado los &#8220;nacionalismos beligerantes&#8221; y pidi\u00f3 una respuesta paneuropea a la migraci\u00f3n para evitar que el Mediterr\u00e1neo, donde miles de personas se han ahogado, se convierta en &#8220;tumba de la dignidad&#8221;.<\/p>\n\n\n\n<p>El Santo Padre se pronunci\u00f3 a favor de la acogida de los migrantes, en un largo discurso con el que concluy\u00f3 una conferencia de la Iglesia sobre cuestiones mediterr\u00e1neas en Marsella, puerto franc\u00e9s que durante siglos ha sido encrucijada de culturas y religiones.<\/p>\n\n\n\n<p>&#8220;Hay un grito de dolor que es el que m\u00e1s retumba de todos, y que est\u00e1 convirtiendo el mare nostrum en mare mortum, el Mediterr\u00e1neo de cuna de la civilizaci\u00f3n en tumba de la dignidad: Es el grito ahogado de los hermanos y hermanas migrantes&#8221;, dijo, utilizando t\u00e9rminos latinos que significan &#8220;nuestro mar&#8221; y &#8220;mar de la muerte&#8221;.<\/p>\n\n\n\n<p>El Sumo Pont\u00edfice fue recibido en el puerto donde se encuentra el centro de conferencias por el presidente Emmanuel Macron, con quien ten\u00eda previsto mantener una reuni\u00f3n privada m\u00e1s tarde el s\u00e1bado antes de regresar a Roma.<\/p>\n\n\n\n<p>Francisco comenz\u00f3 la jornada visitando un centro para necesitados en el barrio marsell\u00e9s de Saint Mauront, uno de los m\u00e1s pobres de Francia, gestionado por la orden de monjas fundada por Santa Madre Teresa.<\/p>\n\n\n\n<p>M\u00e1s tarde, en la conferencia, pidi\u00f3 &#8220;un amplio n\u00famero de entradas legales y regulares&#8221; de inmigrantes, haciendo hincapi\u00e9 en la acogida de quienes huyen de la guerra, el hambre y la pobreza, m\u00e1s que en la &#8220;conservaci\u00f3n del propio bienestar&#8221;.<\/p>\n\n\n\n<p>Seg\u00fan la Agencia de la ONU para los Refugiados (ACNUR), unos 178.500 migrantes han llegado a Europa a trav\u00e9s del Mediterr\u00e1neo este a\u00f1o, mientras que unos 2.500 murieron o desaparecieron.<\/p>\n\n\n\n<p>Los gobiernos de varios pa\u00edses europeos, como Italia, Hungr\u00eda y Polonia, tienen gobiernos con una posici\u00f3n abiertamente contraria a la inmigraci\u00f3n.<\/p>\n\n\n\n<p>El Papa pidi\u00f3 a la gente que escuche &#8220;los gritos de dolor que se elevan desde \u00c1frica del Norte y Oriente Medio&#8221;.<\/p>\n\n\n\n<p>&#8220;\u00a1Cu\u00e1nta necesidad tenemos de esto en la coyuntura actual, cuando nacionalismos anticuados y beligerantes quieren hacer desvanecer el sue\u00f1o de la comunidad de las naciones!&#8221;, dijo. No nombr\u00f3 a ning\u00fan pa\u00eds.<\/p>\n\n\n\n<p>Aunque Francisco ha dicho a menudo que los inmigrantes deber\u00edan repartirse entre los 27 pa\u00edses de la UE, su apertura general hacia los inmigrantes, incluida una vez en la que calific\u00f3 su exclusi\u00f3n de &#8220;escandalosa, repugnante y pecaminosa&#8221;, ha irritado a los pol\u00edticos conservadores.<\/p>\n\n\n\n<p>Su viaje de 27 horas ha estado dominado por las cuestiones migratorias. El viernes dijo que los inmigrantes que corren el riesgo de ahogarse en el mar &#8220;deben ser rescatados&#8221; porque hacerlo es &#8220;un deber de humanidad&#8221; y que quienes impiden los rescates cometen &#8220;un gesto de odio&#8221;.<\/p>\n","protected":false},"excerpt":{"rendered":"<p>El Santo Padre se pronunci\u00f3 a favor de la acogida de los migrantes, en un largo discurso con el que concluy\u00f3 una conferencia de la Iglesia sobre cuestiones mediterr\u00e1neas en&hellip; <\/p>\n","protected":false},"author":4,"featured_media":90035,"comment_status":"closed","ping_status":"open","sticky":false,"template":"","format":"standard","meta":{"footnotes":""},"categories":[1],"tags":[],"class_list":["post-90024","post","type-post","status-publish","format-standard","has-post-thumbnail","hentry","category-informacion-general"],"_links":{"self":[{"href":"https:\/\/corrientesdetarde.com\/index.php\/wp-json\/wp\/v2\/posts\/90024","targetHints":{"allow":["GET"]}}],"collection":[{"href":"https:\/\/corrientesdetarde.com\/index.php\/wp-json\/wp\/v2\/posts"}],"about":[{"href":"https:\/\/corrientesdetarde.com\/index.php\/wp-json\/wp\/v2\/types\/post"}],"author":[{"embeddable":true,"href":"https:\/\/corrientesdetarde.com\/index.php\/wp-json\/wp\/v2\/users\/4"}],"replies":[{"embeddable":true,"href":"https:\/\/corrientesdetarde.com\/index.php\/wp-json\/wp\/v2\/comments?post=90024"}],"version-history":[{"count":1,"href":"https:\/\/corrientesdetarde.com\/index.php\/wp-json\/wp\/v2\/posts\/90024\/revisions"}],"predecessor-version":[{"id":90036,"href":"https:\/\/corrientesdetarde.com\/index.php\/wp-json\/wp\/v2\/posts\/90024\/revisions\/90036"}],"wp:featuredmedia":[{"embeddable":true,"href":"https:\/\/corrientesdetarde.com\/index.php\/wp-json\/wp\/v2\/media\/90035"}],"wp:attachment":[{"href":"https:\/\/corrientesdetarde.com\/index.php\/wp-json\/wp\/v2\/media?parent=90024"}],"wp:term":[{"taxonomy":"category","embeddable":true,"href":"https:\/\/corrientesdetarde.com\/index.php\/wp-json\/wp\/v2\/categories?post=90024"},{"taxonomy":"post_tag","embeddable":true,"href":"https:\/\/corrientesdetarde.com\/index.php\/wp-json\/wp\/v2\/tags?post=90024"}],"curies":[{"name":"wp","href":"https:\/\/api.w.org\/{rel}","templated":true}]}}