{"id":90032,"date":"2023-09-23T18:41:35","date_gmt":"2023-09-23T21:41:35","guid":{"rendered":"https:\/\/corrientesdetarde.com\/?p=90032"},"modified":"2023-09-23T18:41:38","modified_gmt":"2023-09-23T21:41:38","slug":"la-chicana-de-patricia-bullrich-en-su-nuevo-spot-unidad-penal-dra-cristina-fernandez-de-kirchner","status":"publish","type":"post","link":"https:\/\/corrientesdetarde.com\/index.php\/politica\/la-chicana-de-patricia-bullrich-en-su-nuevo-spot-unidad-penal-dra-cristina-fernandez-de-kirchner\/","title":{"rendered":"La chicana de Patricia Bullrich en su nuevo spot: \u201cUnidad Penal Dra Cristina Fern\u00e1ndez de Kirchner\u201d"},"content":{"rendered":"\n<p>A un mes de las elecciones generales del 22 de octubre, la candidata presidencial de Juntos por el Cambio,\u00a0Patricia Bullrich, propuso la creaci\u00f3n de una nueva unidad penal con el nombre de la vicepresidenta\u00a0Cristina Fern\u00e1ndez de Kirchner\u00a0en su nuevo spot de campa\u00f1a.<\/p>\n\n\n\n<p>\u201cMe compromet\u00ed a terminar con el caos de esta Argentina arrasada.\u00a0<strong>Una de mis primeras medidas para cuando asuma va a ser construir una c\u00e1rcel de m\u00e1xima seguridad en una zona aislada<\/strong>\u201d, comenz\u00f3.<\/p>\n\n\n\n<p>\u201cEste penal modelo ser\u00e1 el destino final para narcos, corruptos y asesinos que hoy gozan de impunidad y protecci\u00f3n de los pol\u00edticos kirchneristas\u201d, continu\u00f3.<\/p>\n\n\n\n<p>\u201cEsta c\u00e1rcel va a ser diferente a todo lo que tenemos hasta ahora. Con inhibidores de se\u00f1al telef\u00f3nica, sin celulares, vigilancia individualizada, una guardia incorruptible y tolerancia cero\u201d.<\/p>\n\n\n\n<p>La candidata presidencial de Juntos por el Cambio, Patricia Bullrich, propuso la creaci\u00f3n de una nueva unidad penal con el nombre de la vicepresidenta Cristina Fern\u00e1ndez de Kirchner en su nuevo spot de campa\u00f1a (Video: prensa Bullrich).<\/p>\n\n\n\n<p>\u201cEl futuro Terminemos es con los delincuentes y corruptos presos de verdad. Es ahora y es para siempre\u201d, sentenci\u00f3. Luego de las palabras finales, en el spot aparece una placa con lo siguiente: \u201cUnidad Penal Dra. Cristina Fern\u00e1ndez de Kirchner\u201d.<\/p>\n\n\n\n<p><\/p>\n","protected":false},"excerpt":{"rendered":"<p>A un mes de las elecciones generales del 22 de octubre, la candidata presidencial de Juntos por el Cambio,\u00a0Patricia Bullrich, propuso la creaci\u00f3n de una nueva unidad penal con el&hellip; <\/p>\n","protected":false},"author":12,"featured_media":90034,"comment_status":"closed","ping_status":"open","sticky":false,"template":"","format":"standard","meta":{"footnotes":""},"categories":[3],"tags":[],"class_list":["post-90032","post","type-post","status-publish","format-standard","has-post-thumbnail","hentry","category-politica"],"_links":{"self":[{"href":"https:\/\/corrientesdetarde.com\/index.php\/wp-json\/wp\/v2\/posts\/90032","targetHints":{"allow":["GET"]}}],"collection":[{"href":"https:\/\/corrientesdetarde.com\/index.php\/wp-json\/wp\/v2\/posts"}],"about":[{"href":"https:\/\/corrientesdetarde.com\/index.php\/wp-json\/wp\/v2\/types\/post"}],"author":[{"embeddable":true,"href":"https:\/\/corrientesdetarde.com\/index.php\/wp-json\/wp\/v2\/users\/12"}],"replies":[{"embeddable":true,"href":"https:\/\/corrientesdetarde.com\/index.php\/wp-json\/wp\/v2\/comments?post=90032"}],"version-history":[{"count":1,"href":"https:\/\/corrientesdetarde.com\/index.php\/wp-json\/wp\/v2\/posts\/90032\/revisions"}],"predecessor-version":[{"id":90037,"href":"https:\/\/corrientesdetarde.com\/index.php\/wp-json\/wp\/v2\/posts\/90032\/revisions\/90037"}],"wp:featuredmedia":[{"embeddable":true,"href":"https:\/\/corrientesdetarde.com\/index.php\/wp-json\/wp\/v2\/media\/90034"}],"wp:attachment":[{"href":"https:\/\/corrientesdetarde.com\/index.php\/wp-json\/wp\/v2\/media?parent=90032"}],"wp:term":[{"taxonomy":"category","embeddable":true,"href":"https:\/\/corrientesdetarde.com\/index.php\/wp-json\/wp\/v2\/categories?post=90032"},{"taxonomy":"post_tag","embeddable":true,"href":"https:\/\/corrientesdetarde.com\/index.php\/wp-json\/wp\/v2\/tags?post=90032"}],"curies":[{"name":"wp","href":"https:\/\/api.w.org\/{rel}","templated":true}]}}