{"id":90086,"date":"2023-09-23T21:24:25","date_gmt":"2023-09-24T00:24:25","guid":{"rendered":"https:\/\/corrientesdetarde.com\/?p=90086"},"modified":"2023-09-23T21:24:28","modified_gmt":"2023-09-24T00:24:28","slug":"boca-anuncio-la-extension-de-contrato-de-luca-langoni","status":"publish","type":"post","link":"https:\/\/corrientesdetarde.com\/index.php\/deportes\/boca-anuncio-la-extension-de-contrato-de-luca-langoni\/","title":{"rendered":"Boca anunci\u00f3 la extensi\u00f3n de contrato de Luca Langoni"},"content":{"rendered":"\n<p>El delantero prolong\u00f3 su vinculo hasta diciembre de 2027.\u00a0<\/p>\n\n\n\n<p>El delantero&nbsp;<strong>Luca Langoni<\/strong>&nbsp;acord\u00f3 la renovaci\u00f3n de su contrato con Boca hasta diciembre de&nbsp;2027, y con una notoria mejora econ\u00f3mica, seg\u00fan anunci\u00f3 hoy el&nbsp;club a trav\u00e9s de un comunicado.<\/p>\n\n\n\n<p><strong>&#8220;Luca Langoni firm\u00f3 la mejora y extensi\u00f3n de su contrato hasta diciembre de 2027, junto a Marcelo Delgado del Consejo del F\u00fatbol<\/strong>&#8220;, inform\u00f3 el conjunto azul y oro en su cuenta de X (antes Twitter).<\/p>\n\n\n\n<figure class=\"wp-block-embed is-type-rich is-provider-twitter wp-block-embed-twitter\"><div class=\"wp-block-embed__wrapper\">\n<blockquote class=\"twitter-tweet\" data-width=\"550\" data-dnt=\"true\"><p lang=\"es\" dir=\"ltr\">\u270d\ufe0f Luca Langoni firm\u00f3 la mejora y extensi\u00f3n de su contrato hasta diciembre de 2027, junto a Marcelo Delgado del Consejo del F\u00fatbol.<br><br>\u00a1Vamos, Luca! \ud83e\udd9e<a href=\"https:\/\/twitter.com\/hashtag\/DaleBoca?src=hash&amp;ref_src=twsrc%5Etfw\">#DaleBoca<\/a> \ud83d\udd35\ud83d\udfe1\ud83d\udd35 <a href=\"https:\/\/t.co\/GjVxjypxpB\">pic.twitter.com\/GjVxjypxpB<\/a><\/p>&mdash; Boca Juniors (@BocaJrsOficial) <a href=\"https:\/\/twitter.com\/BocaJrsOficial\/status\/1705267308380246459?ref_src=twsrc%5Etfw\">September 22, 2023<\/a><\/blockquote><script async src=\"https:\/\/platform.twitter.com\/widgets.js\" charset=\"utf-8\"><\/script>\n<\/div><\/figure>\n\n\n\n<p>El delantero surgido de las inferiores del Xeneize ten\u00eda contrato hasta 2026,&nbsp;<strong>pero se prolong\u00f3 su vinculo un a\u00f1o m\u00e1s, con mejora salarial y de cl\u00e1usula de salida<\/strong>, aunque el club no dio a conocer las cifras.<\/p>\n\n\n\n<p>Langoni<strong>&nbsp;no juega desde junio, se recupera de su lesi\u00f3n en el isquiotibial derecho<\/strong>, en el que ya acumula cuatro desgarros de distintos grados, sumando las ocasiones en las que se resinti\u00f3. Por lo que se pudo saber, el cuerpo medico de Boca le sugiri\u00f3 al atacante que sume minutos en el equipo de reserva.<\/p>\n\n\n\n<p>El atacante debut\u00f3 en junio de 2022 frente a Barracas Central y<strong>&nbsp;suma 39 presencias con Boca, 10 goles y 2 asistencias.<\/strong><\/p>\n\n\n\n<h2 class=\"wp-block-heading\">Boca en busca de cerrar otras renovaciones<\/h2>\n\n\n\n<p>El vicepresidente de Boca Juan Rom\u00e1n Riquelme y el Consejo de F\u00fatbol<strong>&nbsp;tambi\u00e9n tratar\u00e1 de cerrar otros acuerdos en el corto plazo<\/strong>.&nbsp;Uno de ellos es con&nbsp;<strong>Marcelo Weigandt,<\/strong>&nbsp;quien es una de las grandes promesas. Tambi\u00e9n desean hacerlo con&nbsp;<strong>Valent\u00edn Barco<\/strong>, quien despert\u00f3 inter\u00e9s del Manchester City y adem\u00e1s<strong>&nbsp;Nicol\u00e1s Valentini<\/strong>&nbsp;podr\u00eda ser otro de los beneficiados en el corto plazo.<\/p>\n","protected":false},"excerpt":{"rendered":"<p>El delantero prolong\u00f3 su vinculo hasta diciembre de 2027.\u00a0 El delantero&nbsp;Luca Langoni&nbsp;acord\u00f3 la renovaci\u00f3n de su contrato con Boca hasta diciembre de&nbsp;2027, y con una notoria mejora econ\u00f3mica, seg\u00fan anunci\u00f3&hellip; <\/p>\n","protected":false},"author":4,"featured_media":90087,"comment_status":"closed","ping_status":"open","sticky":false,"template":"","format":"standard","meta":{"footnotes":""},"categories":[4],"tags":[],"class_list":["post-90086","post","type-post","status-publish","format-standard","has-post-thumbnail","hentry","category-deportes"],"_links":{"self":[{"href":"https:\/\/corrientesdetarde.com\/index.php\/wp-json\/wp\/v2\/posts\/90086","targetHints":{"allow":["GET"]}}],"collection":[{"href":"https:\/\/corrientesdetarde.com\/index.php\/wp-json\/wp\/v2\/posts"}],"about":[{"href":"https:\/\/corrientesdetarde.com\/index.php\/wp-json\/wp\/v2\/types\/post"}],"author":[{"embeddable":true,"href":"https:\/\/corrientesdetarde.com\/index.php\/wp-json\/wp\/v2\/users\/4"}],"replies":[{"embeddable":true,"href":"https:\/\/corrientesdetarde.com\/index.php\/wp-json\/wp\/v2\/comments?post=90086"}],"version-history":[{"count":1,"href":"https:\/\/corrientesdetarde.com\/index.php\/wp-json\/wp\/v2\/posts\/90086\/revisions"}],"predecessor-version":[{"id":90088,"href":"https:\/\/corrientesdetarde.com\/index.php\/wp-json\/wp\/v2\/posts\/90086\/revisions\/90088"}],"wp:featuredmedia":[{"embeddable":true,"href":"https:\/\/corrientesdetarde.com\/index.php\/wp-json\/wp\/v2\/media\/90087"}],"wp:attachment":[{"href":"https:\/\/corrientesdetarde.com\/index.php\/wp-json\/wp\/v2\/media?parent=90086"}],"wp:term":[{"taxonomy":"category","embeddable":true,"href":"https:\/\/corrientesdetarde.com\/index.php\/wp-json\/wp\/v2\/categories?post=90086"},{"taxonomy":"post_tag","embeddable":true,"href":"https:\/\/corrientesdetarde.com\/index.php\/wp-json\/wp\/v2\/tags?post=90086"}],"curies":[{"name":"wp","href":"https:\/\/api.w.org\/{rel}","templated":true}]}}