{"id":90089,"date":"2023-09-23T21:27:39","date_gmt":"2023-09-24T00:27:39","guid":{"rendered":"https:\/\/corrientesdetarde.com\/?p=90089"},"modified":"2023-09-23T21:27:50","modified_gmt":"2023-09-24T00:27:50","slug":"corrientes-el-calor-rompio-otro-record-de-temperatura-extrema","status":"publish","type":"post","link":"https:\/\/corrientesdetarde.com\/index.php\/clima\/corrientes-el-calor-rompio-otro-record-de-temperatura-extrema\/","title":{"rendered":"Corrientes: El calor rompi\u00f3 otro r\u00e9cord de temperatura extrema"},"content":{"rendered":"\n<p>Tambi\u00e9n creci\u00f3 el peligro por riesgo de incendios rurales en varias localidades correntinas.\u00a0<\/p>\n\n\n\n<p>La Oficina Meteorol\u00f3gica Metropolitana detall\u00f3 que Corrientes alcanz\u00f3 ayer su temperatura m\u00ednima r\u00e9cord mensual con 26\u00ba, en la serie de registros que va desde 1962 hasta la actualidad.&nbsp;<\/p>\n\n\n\n<p>La anterior marca extrema para el mes de septiembre&nbsp;fue con 25,8\u00ba en 2018, de acuerdo con la informaci\u00f3n rescatada del Servicio Meteorol\u00f3gico Nacional (SMN).&nbsp;<\/p>\n\n\n\n<p>Durante este viernes la temperatura m\u00e1xima alcanz\u00f3 los 38\u00ba C en Corrientes;&nbsp;en las cercan\u00edas, Ituzaing\u00f3 36\u00ba\/23,5\u00ba, Resistencia 39,9\u00ba\/25,3\u00ba y Formosa 38\u00ba7\/26\u00ba1. La Oficina Meteorol\u00f3gica Metropolitana destac\u00f3 que son todas temperaturas muy altas pero que no alcanzaron a quebrar los r\u00e9cords.&nbsp;<\/p>\n\n\n\n<p>En tanto que la localidad de Ituzaing\u00f3, al norte de la provincia de Corrientes, se ubic\u00f3 en el d\u00e9cimo lugar de los lugares m\u00e1s calurosos de la Argentina durante la tarde de este s\u00e1bado, con 32,6\u00ba C y 41\u00ba C de sensaci\u00f3n t\u00e9rmica, seg\u00fan el ranking elaborado por el SMN.\u00a0<\/p>\n\n\n\n<figure class=\"wp-block-embed is-type-rich is-provider-twitter wp-block-embed-twitter\"><div class=\"wp-block-embed__wrapper\">\n<blockquote class=\"twitter-tweet\" data-width=\"550\" data-dnt=\"true\"><p lang=\"es\" dir=\"ltr\">\ud83e\udd75 Hasta el domingo inclusive, en el norte de <a href=\"https:\/\/twitter.com\/hashtag\/Argentina?src=hash&amp;ref_src=twsrc%5Etfw\">#Argentina<\/a> habr\u00e1 <a href=\"https:\/\/twitter.com\/hashtag\/temperaturas?src=hash&amp;ref_src=twsrc%5Etfw\">#temperaturas<\/a> muy elevadas, superando los 40 \u00b0C en varias localidades.<br><br>\ud83d\udc47 En este video te explicamos por qu\u00e9 y te brindamos algunas recomendaciones para protegerte del <a href=\"https:\/\/twitter.com\/hashtag\/calor?src=hash&amp;ref_src=twsrc%5Etfw\">#calor<\/a>.<br><br>\ud83d\udc49 <a href=\"https:\/\/t.co\/LBHkrwx6Cd\">https:\/\/t.co\/LBHkrwx6Cd<\/a> <a href=\"https:\/\/t.co\/KjTAsFSw7X\">pic.twitter.com\/KjTAsFSw7X<\/a><\/p>&mdash; SMN Argentina (@SMN_Argentina) <a href=\"https:\/\/twitter.com\/SMN_Argentina\/status\/1705217284304699722?ref_src=twsrc%5Etfw\">September 22, 2023<\/a><\/blockquote><script async src=\"https:\/\/platform.twitter.com\/widgets.js\" charset=\"utf-8\"><\/script>\n<\/div><\/figure>\n\n\n\n<p>Por su parte, la Direcci\u00f3n de Recursos Forestales advirti\u00f3 sobre condiciones de riesgo altas para la propagaci\u00f3n de incendios rurales en las localidad de Corrientes, Virasoro, Chavarr\u00eda e Ituzaing\u00f3.&nbsp;<\/p>\n\n\n\n<figure class=\"wp-block-image\"><img decoding=\"async\" src=\"https:\/\/pxc.cdn.ellitoral.com.ar\/litoral\/092023\/1695505472703\/F6uOysvXMAAG9aH.webp?cw=488&amp;ch=500&amp;extw=jpg\" alt=\"El calor en Corrientes rompi\u00f3 otro r\u00e9cord de temperatura extrema\"\/><\/figure>\n\n\n\n<p><strong>C\u00f3mo seguir\u00e1 el tiempo<\/strong><\/p>\n\n\n\n<p>Se espera una leve retracci\u00f3n de estas condiciones calurosas hacia el norte para el domingo, debido al cambio de viento al sudeste que se estar\u00e1 produciendo de manera progresiva durante el fin de semana, seg\u00fan el sitio Meteored.<\/p>\n\n\n\n<p>La situaci\u00f3n de extremo calor obedece a un fuerte bloqueo atmosf\u00e9rico en los niveles medios y altos de la trop\u00f3sfera sobre la parte central de Sudam\u00e9rica, que favorece condiciones de estabilidad asociadas a movimientos de aire descendente. Estas condiciones continuar\u00e1n inhibiendo la llegada de sistemas frontales al menos hasta inicios de la pr\u00f3xima semana.<\/p>\n","protected":false},"excerpt":{"rendered":"<p>Tambi\u00e9n creci\u00f3 el peligro por riesgo de incendios rurales en varias localidades correntinas.\u00a0 La Oficina Meteorol\u00f3gica Metropolitana detall\u00f3 que Corrientes alcanz\u00f3 ayer su temperatura m\u00ednima r\u00e9cord mensual con 26\u00ba, en&hellip; <\/p>\n","protected":false},"author":4,"featured_media":90090,"comment_status":"closed","ping_status":"open","sticky":false,"template":"","format":"standard","meta":{"footnotes":""},"categories":[29],"tags":[],"class_list":["post-90089","post","type-post","status-publish","format-standard","has-post-thumbnail","hentry","category-clima"],"_links":{"self":[{"href":"https:\/\/corrientesdetarde.com\/index.php\/wp-json\/wp\/v2\/posts\/90089","targetHints":{"allow":["GET"]}}],"collection":[{"href":"https:\/\/corrientesdetarde.com\/index.php\/wp-json\/wp\/v2\/posts"}],"about":[{"href":"https:\/\/corrientesdetarde.com\/index.php\/wp-json\/wp\/v2\/types\/post"}],"author":[{"embeddable":true,"href":"https:\/\/corrientesdetarde.com\/index.php\/wp-json\/wp\/v2\/users\/4"}],"replies":[{"embeddable":true,"href":"https:\/\/corrientesdetarde.com\/index.php\/wp-json\/wp\/v2\/comments?post=90089"}],"version-history":[{"count":1,"href":"https:\/\/corrientesdetarde.com\/index.php\/wp-json\/wp\/v2\/posts\/90089\/revisions"}],"predecessor-version":[{"id":90091,"href":"https:\/\/corrientesdetarde.com\/index.php\/wp-json\/wp\/v2\/posts\/90089\/revisions\/90091"}],"wp:featuredmedia":[{"embeddable":true,"href":"https:\/\/corrientesdetarde.com\/index.php\/wp-json\/wp\/v2\/media\/90090"}],"wp:attachment":[{"href":"https:\/\/corrientesdetarde.com\/index.php\/wp-json\/wp\/v2\/media?parent=90089"}],"wp:term":[{"taxonomy":"category","embeddable":true,"href":"https:\/\/corrientesdetarde.com\/index.php\/wp-json\/wp\/v2\/categories?post=90089"},{"taxonomy":"post_tag","embeddable":true,"href":"https:\/\/corrientesdetarde.com\/index.php\/wp-json\/wp\/v2\/tags?post=90089"}],"curies":[{"name":"wp","href":"https:\/\/api.w.org\/{rel}","templated":true}]}}