{"id":90145,"date":"2023-09-24T09:49:49","date_gmt":"2023-09-24T12:49:49","guid":{"rendered":"https:\/\/corrientesdetarde.com\/?p=90145"},"modified":"2023-09-24T09:51:09","modified_gmt":"2023-09-24T12:51:09","slug":"robaron-a-vendedora-de-remedios-caseros-de-la-peatonal-junin","status":"publish","type":"post","link":"https:\/\/corrientesdetarde.com\/index.php\/policiales\/robaron-a-vendedora-de-remedios-caseros-de-la-peatonal-junin\/","title":{"rendered":"Robaron a vendedora de remedios caseros de la peatonal Jun\u00edn"},"content":{"rendered":"\n<p>La mujer expone sus productos a diario sobre el paseo. Dej\u00f3 solo unos minutos su puesto y sucedi\u00f3 el hecho. La familia pide recuperar las pertenencias.<\/p>\n\n\n\n<p>Genara tiene 78 a\u00f1os y desde hace mucho tiempo se dedica a la venta de remedios caseros en la capital provincial. El viernes, en horas de la ma\u00f1ana, le sustrajeron su bolso que conten\u00eda objetos importantes para ella. Fue en pleno centro de la ciudad, sobre la Peatonal Jun\u00edn. Afortunadamente no sufri\u00f3 violencia ante el delito.<\/p>\n\n\n\n<p>&#8220;Tiene su puesto en La Rioja y Jun\u00edn. Cruz\u00f3 de calle unos minutos y al regresar su bolso personal ya no estaba. El martes pasado cumpli\u00f3 78 a\u00f1os y ella cri\u00f3 a sus hijos y nietos vendiendo los remedios&#8221;, cont\u00f3 uno de sus hijos.<\/p>\n\n\n\n<p>&#8220;Todos los d\u00edas la van a ver vender sus remedios caseros en el centro, en la peatonal. A la persona que llev\u00f3 su bolso nada le va a servir porque ten\u00eda sus remedios, cremas, la tarjeta de colectivo Sube y otras cositas personales que para ella es mucho y es el esfuerzo de cada d\u00eda&#8221;, expres\u00f3 su nieta.<\/p>\n\n\n\n<p>&#8220;Necesitamos que devuelvan o si alguna persona encuentra tirado la Sube, su nombre es Genera Maidana&#8221;, agreg\u00f3 con preocupaci\u00f3n la joven.<\/p>\n\n\n\n<p>Quien logre brindar datos de las pertenencias sustra\u00eddas pueden informar al n\u00famero de contacto de la familia: 3794-067152.<\/p>\n\n\n\n<p>Por otra parte se registraron &#8220;arrebatos&#8221; en distintos puntos de la ciudad. Uno de ellos fue cerca de las 15 en avenida 3 de Abril y calle Santa Fe. All\u00ed, el damnificado se\u00f1al\u00f3 que el delincuente se desplazaba en moto y que por fortuna no result\u00f3 lesionado. Otro hecho sucedi\u00f3 en cercan\u00edas a la Plaza del Bicentenario en el barrio San Ger\u00f3nimo. Una muchacha pidi\u00f3 presencia policial en la zona ante el intento de robo de una mochila. Tambi\u00e9n en el cruce de las calles Jazm\u00edn y Pasionaria, un motochorro arrebat\u00f3 pertenencias a una joven.<\/p>\n","protected":false},"excerpt":{"rendered":"<p>La mujer expone sus productos a diario sobre el paseo. Dej\u00f3 solo unos minutos su puesto y sucedi\u00f3 el hecho. La familia pide recuperar las pertenencias. Genara tiene 78 a\u00f1os&hellip; <\/p>\n","protected":false},"author":4,"featured_media":90146,"comment_status":"closed","ping_status":"open","sticky":false,"template":"","format":"standard","meta":{"footnotes":""},"categories":[33],"tags":[],"class_list":["post-90145","post","type-post","status-publish","format-standard","has-post-thumbnail","hentry","category-policiales"],"_links":{"self":[{"href":"https:\/\/corrientesdetarde.com\/index.php\/wp-json\/wp\/v2\/posts\/90145","targetHints":{"allow":["GET"]}}],"collection":[{"href":"https:\/\/corrientesdetarde.com\/index.php\/wp-json\/wp\/v2\/posts"}],"about":[{"href":"https:\/\/corrientesdetarde.com\/index.php\/wp-json\/wp\/v2\/types\/post"}],"author":[{"embeddable":true,"href":"https:\/\/corrientesdetarde.com\/index.php\/wp-json\/wp\/v2\/users\/4"}],"replies":[{"embeddable":true,"href":"https:\/\/corrientesdetarde.com\/index.php\/wp-json\/wp\/v2\/comments?post=90145"}],"version-history":[{"count":2,"href":"https:\/\/corrientesdetarde.com\/index.php\/wp-json\/wp\/v2\/posts\/90145\/revisions"}],"predecessor-version":[{"id":90149,"href":"https:\/\/corrientesdetarde.com\/index.php\/wp-json\/wp\/v2\/posts\/90145\/revisions\/90149"}],"wp:featuredmedia":[{"embeddable":true,"href":"https:\/\/corrientesdetarde.com\/index.php\/wp-json\/wp\/v2\/media\/90146"}],"wp:attachment":[{"href":"https:\/\/corrientesdetarde.com\/index.php\/wp-json\/wp\/v2\/media?parent=90145"}],"wp:term":[{"taxonomy":"category","embeddable":true,"href":"https:\/\/corrientesdetarde.com\/index.php\/wp-json\/wp\/v2\/categories?post=90145"},{"taxonomy":"post_tag","embeddable":true,"href":"https:\/\/corrientesdetarde.com\/index.php\/wp-json\/wp\/v2\/tags?post=90145"}],"curies":[{"name":"wp","href":"https:\/\/api.w.org\/{rel}","templated":true}]}}