{"id":90150,"date":"2023-09-24T09:57:44","date_gmt":"2023-09-24T12:57:44","guid":{"rendered":"https:\/\/corrientesdetarde.com\/?p=90150"},"modified":"2023-09-24T09:57:56","modified_gmt":"2023-09-24T12:57:56","slug":"separada-de-insaurralde-cirio-disfruta-solteria-con-microbikinis-en-sitios-paradisiacos","status":"publish","type":"post","link":"https:\/\/corrientesdetarde.com\/index.php\/espectaculos\/separada-de-insaurralde-cirio-disfruta-solteria-con-microbikinis-en-sitios-paradisiacos\/","title":{"rendered":"Separada de Insaurralde, Cirio disfruta solter\u00eda con microbikinis en sitios paradis\u00edacos"},"content":{"rendered":"\n<p>La modelo, influencer y conductora de televisi\u00f3n tuvo unas vacaciones en playas paradis\u00edacas, imposibles de acceder para la mayor\u00eda de los argentinos.<\/p>\n\n\n\n<p><strong>J\u00e9sica Cirio<\/strong>&nbsp;est\u00e1 separada del exintendente de Lomas de Zamora&nbsp;<strong>Mart\u00edn Insaurralde<\/strong>&nbsp;y en las redes sociales se muestra m\u00e1s sexy que nunca, con microbikinis que hacen suspirar a sus seguidores.<\/p>\n\n\n\n<figure class=\"wp-block-image\"><img decoding=\"async\" src=\"https:\/\/noticiasargentinas.com\/images\/NA\/Contenidos\/cirio_4.webp\" alt=\"cirio_4.png\"\/><\/figure>\n\n\n\n<p><strong>&#8220;\u00a1Se termin\u00f3 un viaje so\u00f1ado!&nbsp;Cuidarme siempre es lo m\u00e1s importante, incluso estando de vacaciones&#8221;.<\/strong>&nbsp;cont\u00f3 Cirio hace unos d\u00edas en sus redes sociales, luego de estar una semana en un hotel paradis\u00edaco, el mejor y m\u00e1s caro de Ibiza.<\/p>\n\n\n\n<figure class=\"wp-block-image\"><img decoding=\"async\" src=\"https:\/\/noticiasargentinas.com\/images\/NA\/Contenidos\/cirio_2.webp\" alt=\"cirio_2.png\"\/><\/figure>\n\n\n\n<p>Cirio seguir\u00e1 en La Pe\u00f1a de Morfi pese a que no le cay\u00f3 bien la llegada de Diego Leuco, porque aspiraba a que le dieran la conducci\u00f3n del programa a ella.<\/p>\n\n\n\n<p>Pero mientras tanto se muestra m\u00e1s sexi que nunca en sus redes, el divorcio le est\u00e1 sentando bien a la bella modelo.<\/p>\n\n\n\n<figure class=\"wp-block-image\"><img decoding=\"async\" src=\"https:\/\/noticiasargentinas.com\/images\/NA\/Contenidos\/cirio_5.webp\" alt=\"cirio_5.png\"\/><\/figure>\n","protected":false},"excerpt":{"rendered":"<p>La modelo, influencer y conductora de televisi\u00f3n tuvo unas vacaciones en playas paradis\u00edacas, imposibles de acceder para la mayor\u00eda de los argentinos. J\u00e9sica Cirio&nbsp;est\u00e1 separada del exintendente de Lomas de&hellip; <\/p>\n","protected":false},"author":4,"featured_media":90151,"comment_status":"closed","ping_status":"open","sticky":false,"template":"","format":"standard","meta":{"footnotes":""},"categories":[19],"tags":[],"class_list":["post-90150","post","type-post","status-publish","format-standard","has-post-thumbnail","hentry","category-espectaculos"],"_links":{"self":[{"href":"https:\/\/corrientesdetarde.com\/index.php\/wp-json\/wp\/v2\/posts\/90150","targetHints":{"allow":["GET"]}}],"collection":[{"href":"https:\/\/corrientesdetarde.com\/index.php\/wp-json\/wp\/v2\/posts"}],"about":[{"href":"https:\/\/corrientesdetarde.com\/index.php\/wp-json\/wp\/v2\/types\/post"}],"author":[{"embeddable":true,"href":"https:\/\/corrientesdetarde.com\/index.php\/wp-json\/wp\/v2\/users\/4"}],"replies":[{"embeddable":true,"href":"https:\/\/corrientesdetarde.com\/index.php\/wp-json\/wp\/v2\/comments?post=90150"}],"version-history":[{"count":1,"href":"https:\/\/corrientesdetarde.com\/index.php\/wp-json\/wp\/v2\/posts\/90150\/revisions"}],"predecessor-version":[{"id":90152,"href":"https:\/\/corrientesdetarde.com\/index.php\/wp-json\/wp\/v2\/posts\/90150\/revisions\/90152"}],"wp:featuredmedia":[{"embeddable":true,"href":"https:\/\/corrientesdetarde.com\/index.php\/wp-json\/wp\/v2\/media\/90151"}],"wp:attachment":[{"href":"https:\/\/corrientesdetarde.com\/index.php\/wp-json\/wp\/v2\/media?parent=90150"}],"wp:term":[{"taxonomy":"category","embeddable":true,"href":"https:\/\/corrientesdetarde.com\/index.php\/wp-json\/wp\/v2\/categories?post=90150"},{"taxonomy":"post_tag","embeddable":true,"href":"https:\/\/corrientesdetarde.com\/index.php\/wp-json\/wp\/v2\/tags?post=90150"}],"curies":[{"name":"wp","href":"https:\/\/api.w.org\/{rel}","templated":true}]}}